{"id":884,"date":"2008-09-23T23:42:41","date_gmt":"2008-09-23T21:42:41","guid":{"rendered":"http:\/\/lavigilanta.info\/wordpress\/?p=884"},"modified":"2008-09-24T09:57:34","modified_gmt":"2008-09-24T07:57:34","slug":"verguenza-senor-guardans-%c2%bfusted-se-hace-llamar-parlamentario-de-un-sistema-democratico","status":"publish","type":"post","link":"https:\/\/lavigilanta.info\/?p=884","title":{"rendered":"Verg\u00fcenza, se\u00f1or Guardans. \u00bfUsted se hace llamar parlamentario de un sistema democr\u00e1tico?"},"content":{"rendered":"<p>Estoy que trino. V\u00eda el Partido Pirata e Inform\u00e1tica Verde me ha llegado el email que el eurodiputado del partido Converg\u00e8ncia i Uni\u00f3 <a href=\"http:\/\/www.ignasiguardans.cat\/\">Ignasi Guardans<\/a> envi\u00f3 hoy martes 23 de septiembre a las 18:00 al resto de europarlamentarios.<\/p>\n<p>Por supuesto se trata sobre las enmiendas torpedo que se votan ma\u00f1ana 24 de septiembre en el parlamento europeo. Copio y pego porque no tiene desperdicio lo de este hombre:<\/p>\n<blockquote><p>&gt;From: \u00abGUARDANS Ignasi\u00bb &lt;ignasi.guardans@europarl.europa.eu&gt;<br \/>\n&gt; To: \u00abMEP &amp; ASSISTANTS\u00bb &lt;DL-MEP&amp;ASSISTANTS@europarl.europa.eu&gt;<br \/>\n&gt; Date: Tue, 23 Sep 2008 18:02:07 +0200<br \/>\n&gt; Subject: Your vote TOMORROW on AM. 138 Trautmann Report<br \/>\n&gt;\u00a0 Dear Colleagues,<br \/>\n&gt;<br \/>\n&gt;<br \/>\n&gt; I&#8217;m sorry to bother you with a collective email.<br \/>\n&gt;<br \/>\n&gt; As it is happening more and more often when we have to decide on<br \/>\n&gt; anything related to the internet, <strong>you are receiving these days plenty of<br \/>\n&gt; emails regarding tomorrow&#8217;s vote on the telecomm package<\/strong>. I am convinced<br \/>\n&gt; <strong>you will reject that sort of pressure and threats, as you would do if<br \/>\n&gt; they were coming from fundamentalists of other sorts<\/strong>, or from some of<br \/>\n&gt; the business lobbies most of you critize so often. And vote whatever you<br \/>\n&gt; think is right, balanced and reasonable in the internet era. We may<br \/>\n&gt; disagree on some issues, but anybody lying about what the texts<br \/>\n&gt; submitted to vote really say, <strong>should not be taken into account<\/strong>.<\/p><\/blockquote>\n<p>Gracias, amigo Ignasi. Como ciudadanos preocupados que somos, nos comunicamos con los miembros del parlamento europeo que hemos elegido nosotros y por lo tanto se supone que nos representan, \u00bf\u00bfy por interesarnos en un tema concreto nos llamas fundamentalistas?? Vente un rato a Inglaterra, anda. Aqu\u00ed la gente escribe al parlamentario de su distrito cuando la luz de la farola de enfrente de casa est\u00e1 fundida y no se la arreglan. \u00bfY sabes por qu\u00e9? Porque la impresi\u00f3n es que el Member of Parliament de tu distrito trabaja para los ciudadanos que le han votado. No s\u00e9 por qu\u00e9 me da en la nariz que t\u00fa no haces lo mismo.<\/p>\n<p>Pero luego el se\u00f1or Guardans entra al trapo de lo que le interesa. Le fastidia una enmienda propuesta por Guy Bono, la 138, la que dice que \u00abla autoridad competente NO TIENE COMPETENCIA para ejercer la censura ni en la red ni en ning\u00fan sitio\u00bb (o sea, desde el punto de vista de La Vigi, una \u00abenmienda buena\u00bb).<\/p>\n<blockquote><p>&gt; For whatever reasons, which is up to the signatories to explain, what<br \/>\n&gt; this amendment says is: no restriction whatsoever can exist in internet<br \/>\n&gt; to the \u00abrights and freedoms\u00bb if it is not \u00ab*previously*\u00bb authorized by a<br \/>\n&gt; judge, with the only exception of criminal law, and this even in a<br \/>\n&gt; restrictive manner. If this was applied to our police forces in our<br \/>\n&gt; motorways and roads; to our school teachers and academic authorities at<br \/>\n&gt; schools and universities; to our urban planning authorities in our<br \/>\n&gt; cities and villages; to any of our state authorities in any field,and in<br \/>\n&gt; any level, what would the world look like? We would perhaps be under a<br \/>\n&gt; government by Judges, if that is possible. Judges are there to *review*<br \/>\n&gt; decisions, and to sanction unfair abuses of authority or power or<br \/>\n&gt; illegal acts. And, indeed, in certain cases, to suspend acts from the<br \/>\n&gt; competent authorities. But judges are NOT there to be permanentlyy<br \/>\n&gt; consulted by authorites *before* they do whatever the law allows them to<br \/>\n&gt; do!<\/p><\/blockquote>\n<p>Simplista y demag\u00f3gico, se\u00f1or Guardans, amigo Ignasi. Estamos hablando de libertad de expresi\u00f3n, no me ponga como ejemplo que un profe tiene potestad de controlar las actividades de los alumnos sin la ayuda de un juez, que un urbano puede sancionar a un conductor sin la ayuda de un juez. Si lo que usted ataca define autom\u00e1ticamente\u00a0lo que usted defiende, me est\u00e1 diciendo que alguien si tiene suficiente dinero o poder se puede presentar en la redacci\u00f3n de un peri\u00f3dico\u00a0y secuestrar la edici\u00f3n de hoy porque hay algo en ella que no le gusta. La \u00faltima vez que mir\u00e9, la Uni\u00f3n Europea era un conjunto de pa\u00edses democr\u00e1ticos, donde la libertad de expresi\u00f3n (as\u00ed como el leg\u00edtimo derecho al honor) eran elementos b\u00e1sicos de su sistema, donde el poder judicial es \u00faltimamente responsable de que se cumpla la ley. Lo que entiendo de sus palabras, porque usted es europarlamentario y algo sabr\u00e1, \u00a1\u00a1<a href=\"http:\/\/www.estaeuropano.info\">es que estoy equivocada<\/a>!!<\/p>\n<p>Ha cometido para m\u00ed dos delitos imperdonables. Insultar a los ciudadanos a los que representa, y negar los principios b\u00e1sicos de la democracia. Como decimos en mi barrio, \u00abse ha lucido, se\u00f1or Guardans\u00bb.<\/p>\n","protected":false},"excerpt":{"rendered":"<p>Estoy que trino. V\u00eda el Partido Pirata e Inform\u00e1tica Verde me ha llegado el email que el eurodiputado del partido Converg\u00e8ncia i Uni\u00f3 Ignasi Guardans envi\u00f3 hoy martes 23 de septiembre a las 18:00 al resto de europarlamentarios. Por supuesto se trata sobre las enmiendas torpedo que se votan ma\u00f1ana 24 de septiembre en el &hellip; <a href=\"https:\/\/lavigilanta.info\/?p=884\" class=\"more-link\">Seguir leyendo <span class=\"screen-reader-text\">Verg\u00fcenza, se\u00f1or Guardans. \u00bfUsted se hace llamar parlamentario de un sistema democr\u00e1tico?<\/span> <span class=\"meta-nav\">&rarr;<\/span><\/a><\/p>\n","protected":false},"author":2,"featured_media":0,"comment_status":"open","ping_status":"open","sticky":false,"template":"","format":"standard","meta":[],"categories":[57,134],"tags":[],"_links":{"self":[{"href":"https:\/\/lavigilanta.info\/index.php?rest_route=\/wp\/v2\/posts\/884"}],"collection":[{"href":"https:\/\/lavigilanta.info\/index.php?rest_route=\/wp\/v2\/posts"}],"about":[{"href":"https:\/\/lavigilanta.info\/index.php?rest_route=\/wp\/v2\/types\/post"}],"author":[{"embeddable":true,"href":"https:\/\/lavigilanta.info\/index.php?rest_route=\/wp\/v2\/users\/2"}],"replies":[{"embeddable":true,"href":"https:\/\/lavigilanta.info\/index.php?rest_route=%2Fwp%2Fv2%2Fcomments&post=884"}],"version-history":[{"count":6,"href":"https:\/\/lavigilanta.info\/index.php?rest_route=\/wp\/v2\/posts\/884\/revisions"}],"predecessor-version":[{"id":890,"href":"https:\/\/lavigilanta.info\/index.php?rest_route=\/wp\/v2\/posts\/884\/revisions\/890"}],"wp:attachment":[{"href":"https:\/\/lavigilanta.info\/index.php?rest_route=%2Fwp%2Fv2%2Fmedia&parent=884"}],"wp:term":[{"taxonomy":"category","embeddable":true,"href":"https:\/\/lavigilanta.info\/index.php?rest_route=%2Fwp%2Fv2%2Fcategories&post=884"},{"taxonomy":"post_tag","embeddable":true,"href":"https:\/\/lavigilanta.info\/index.php?rest_route=%2Fwp%2Fv2%2Ftags&post=884"}],"curies":[{"name":"wp","href":"https:\/\/api.w.org\/{rel}","templated":true}]}}