{"id":880,"date":"2008-09-23T13:13:04","date_gmt":"2008-09-23T11:13:04","guid":{"rendered":"http:\/\/lavigilanta.info\/wordpress\/?p=880"},"modified":"2008-09-23T13:14:05","modified_gmt":"2008-09-23T11:14:05","slug":"la-privacidad-y-el-sentido-comun","status":"publish","type":"post","link":"https:\/\/lavigilanta.info\/?p=880","title":{"rendered":"La privacidad y el sentido com\u00fan"},"content":{"rendered":"<p>Cojo el tel\u00e9fono y llamo el n\u00famero que un proveedor me ha dado para nuestra persona de\u00a0contacto:<\/p>\n<blockquote><p>&#8211; Hola, \u00bfest\u00e1 Fiona, por favor?<\/p>\n<p>&#8211; No, este es el tel\u00e9fono de John, lo siento.<\/p>\n<p>&#8211; Vaya, me han dado este n\u00famero de tel\u00e9fono para hablar con Fiona. Quer\u00eda hablar con ella sobre un pedido que queremos hacer&#8230;<\/p>\n<p>&#8211; Mira, por la \u00ab<a href=\"http:\/\/www.opsi.gov.uk\/Acts\/Acts1998\/ukpga_19980029_en_1\">Data Protection Act<\/a>\u00bb no se me permite darte su tel\u00e9fono&#8230; pero s\u00ed te puedo decir que si cambias el \u00faltimo n\u00famero que has marcado ahora por un siete, podr\u00e1s hablar con ella.<\/p>\n<p>&#8211; Oh, \u00a1gracias!<\/p><\/blockquote>\n<p>\u00bfOs parece criticable este enfoque pr\u00e1ctico, de sentido com\u00fan,\u00a0seguido por John? \ud83d\ude42<\/p>\n","protected":false},"excerpt":{"rendered":"<p>Cojo el tel\u00e9fono y llamo el n\u00famero que un proveedor me ha dado para nuestra persona de\u00a0contacto: &#8211; Hola, \u00bfest\u00e1 Fiona, por favor? &#8211; No, este es el tel\u00e9fono de John, lo siento. &#8211; Vaya, me han dado este n\u00famero de tel\u00e9fono para hablar con Fiona. Quer\u00eda hablar con ella sobre un pedido que queremos &hellip; <a href=\"https:\/\/lavigilanta.info\/?p=880\" class=\"more-link\">Seguir leyendo <span class=\"screen-reader-text\">La privacidad y el sentido com\u00fan<\/span> <span class=\"meta-nav\">&rarr;<\/span><\/a><\/p>\n","protected":false},"author":2,"featured_media":0,"comment_status":"open","ping_status":"open","sticky":false,"template":"","format":"standard","meta":[],"categories":[120,150],"tags":[],"_links":{"self":[{"href":"https:\/\/lavigilanta.info\/index.php?rest_route=\/wp\/v2\/posts\/880"}],"collection":[{"href":"https:\/\/lavigilanta.info\/index.php?rest_route=\/wp\/v2\/posts"}],"about":[{"href":"https:\/\/lavigilanta.info\/index.php?rest_route=\/wp\/v2\/types\/post"}],"author":[{"embeddable":true,"href":"https:\/\/lavigilanta.info\/index.php?rest_route=\/wp\/v2\/users\/2"}],"replies":[{"embeddable":true,"href":"https:\/\/lavigilanta.info\/index.php?rest_route=%2Fwp%2Fv2%2Fcomments&post=880"}],"version-history":[{"count":3,"href":"https:\/\/lavigilanta.info\/index.php?rest_route=\/wp\/v2\/posts\/880\/revisions"}],"predecessor-version":[{"id":883,"href":"https:\/\/lavigilanta.info\/index.php?rest_route=\/wp\/v2\/posts\/880\/revisions\/883"}],"wp:attachment":[{"href":"https:\/\/lavigilanta.info\/index.php?rest_route=%2Fwp%2Fv2%2Fmedia&parent=880"}],"wp:term":[{"taxonomy":"category","embeddable":true,"href":"https:\/\/lavigilanta.info\/index.php?rest_route=%2Fwp%2Fv2%2Fcategories&post=880"},{"taxonomy":"post_tag","embeddable":true,"href":"https:\/\/lavigilanta.info\/index.php?rest_route=%2Fwp%2Fv2%2Ftags&post=880"}],"curies":[{"name":"wp","href":"https:\/\/api.w.org\/{rel}","templated":true}]}}