{"id":88,"date":"2005-12-14T15:49:00","date_gmt":"2005-12-14T15:49:00","guid":{"rendered":"http:\/\/lavigilanta.info\/wordpress\/?p=88"},"modified":"2005-12-14T15:49:00","modified_gmt":"2005-12-14T15:49:00","slug":"directiva-de-retencion-de-datos-aprobada-no-nos-hacen-ni-puto-caso","status":"publish","type":"post","link":"https:\/\/lavigilanta.info\/?p=88","title":{"rendered":"Directiva de Retenci\u00f3n de datos aprobada. No nos hacen ni puto caso"},"content":{"rendered":"<p>Pues eso. Lo he leido en <a href=\"http:\/\/webcms.apci.com\/Sites\/6\/empldev\/CourseCatalog\/\">El Mundo<\/a>, as\u00ed que me he ido a <a href=\"http:\/\/www.edri.org\/lastweek\">EDRi<\/a> para leerlo de una fuente m\u00e1s completa, pero todav\u00eda no est\u00e1, aunque por lo que dicen (Se acaba una campa\u00f1a de 5 a\u00f1os de concienciaci\u00f3n sobre las razones por las cuales esto de la retenci\u00f3n de datos es una chorrada, pero se ve que no nos van a hacer ni caso) ya se lo ol\u00edan.<\/p>\n<p>As\u00ed que me fui a <a href=\"http:\/\/wiki.dataretentionisnosolution.com:81\/index.php\/Main_Page\">Data Retention is no solution<\/a> y ah\u00ed s\u00ed que lo dicen.<\/p>\n<p>\u00ab14-12-2005: The European Parliament has adopted the directive on data retention. <br \/>The amendments were approved by 387 votes in favour to 204 against with 29. The final resolution was adopted by 378 votes in favour to 197 against with 30 abstentions. \u00ab<\/p>\n<p>O sea:<\/p>\n<p>\u00abEl parlamento europeo ha adaptado la directiva sobre retenci\u00f3n de datos. Las correcciones fueron aprobados por 387 vatos a favor y 204 en contra con 29 abstenciones. La resoluci\u00f3n final se adopt\u00f3 por 378 votos a favor y 197 en contra con 30 abstenciones\u00bb.<\/p>\n<p>Solo queda felicitar a la Comisi\u00f3n Europea y al Parlamento Europeo por escuchar tan bien a los ciudadanos que en teor\u00eda representan (los parlamentarios, claro. Los otros son elegidos a dedo como todos sabemos).<\/p>\n<p><b>Actualizaci\u00f3n<\/b>: Versvs nos ha enviado este link de la <a href=\"http:\/\/www.europarl.eu.int\/news\/expert\/infopress_page\/019-3536-348-12-50-902-20051206IPR03225-14-12-2005-2005--false\/default_es.htm\">oficina de prensa de la UE<\/a>.<\/p>\n","protected":false},"excerpt":{"rendered":"<p>Pues eso. Lo he leido en El Mundo, as\u00ed que me he ido a EDRi para leerlo de una fuente m\u00e1s completa, pero todav\u00eda no est\u00e1, aunque por lo que dicen (Se acaba una campa\u00f1a de 5 a\u00f1os de concienciaci\u00f3n sobre las razones por las cuales esto de la retenci\u00f3n de datos es una chorrada, &hellip; <a href=\"https:\/\/lavigilanta.info\/?p=88\" class=\"more-link\">Seguir leyendo <span class=\"screen-reader-text\">Directiva de Retenci\u00f3n de datos aprobada. No nos hacen ni puto caso<\/span> <span class=\"meta-nav\">&rarr;<\/span><\/a><\/p>\n","protected":false},"author":2,"featured_media":0,"comment_status":"open","ping_status":"open","sticky":false,"template":"","format":"standard","meta":[],"categories":[1],"tags":[],"_links":{"self":[{"href":"https:\/\/lavigilanta.info\/index.php?rest_route=\/wp\/v2\/posts\/88"}],"collection":[{"href":"https:\/\/lavigilanta.info\/index.php?rest_route=\/wp\/v2\/posts"}],"about":[{"href":"https:\/\/lavigilanta.info\/index.php?rest_route=\/wp\/v2\/types\/post"}],"author":[{"embeddable":true,"href":"https:\/\/lavigilanta.info\/index.php?rest_route=\/wp\/v2\/users\/2"}],"replies":[{"embeddable":true,"href":"https:\/\/lavigilanta.info\/index.php?rest_route=%2Fwp%2Fv2%2Fcomments&post=88"}],"version-history":[{"count":0,"href":"https:\/\/lavigilanta.info\/index.php?rest_route=\/wp\/v2\/posts\/88\/revisions"}],"wp:attachment":[{"href":"https:\/\/lavigilanta.info\/index.php?rest_route=%2Fwp%2Fv2%2Fmedia&parent=88"}],"wp:term":[{"taxonomy":"category","embeddable":true,"href":"https:\/\/lavigilanta.info\/index.php?rest_route=%2Fwp%2Fv2%2Fcategories&post=88"},{"taxonomy":"post_tag","embeddable":true,"href":"https:\/\/lavigilanta.info\/index.php?rest_route=%2Fwp%2Fv2%2Ftags&post=88"}],"curies":[{"name":"wp","href":"https:\/\/api.w.org\/{rel}","templated":true}]}}