{"id":861,"date":"2008-09-17T10:08:35","date_gmt":"2008-09-17T08:08:35","guid":{"rendered":"http:\/\/lavigilanta.info\/wordpress\/?p=861"},"modified":"2008-09-17T10:08:35","modified_gmt":"2008-09-17T08:08:35","slug":"la-desaparicion-del-estado-del-bienestar","status":"publish","type":"post","link":"https:\/\/lavigilanta.info\/?p=861","title":{"rendered":"La desaparici\u00f3n del estado del bienestar"},"content":{"rendered":"<p>Muchas veces enlazo comentarios de <a href=\"http:\/\/www.versvs.net\/\">Versvs<\/a> y los comento. Hoy no. Hoy es tan trascendente lo que ha escrito que lo copio y pego y os pido que lo le\u00e1is.<\/p>\n<div class=\"content\">\n<blockquote><p>El <strong>estado del bienestar<\/strong> es una cosa un tanto compleja pero que, en cierta medida, tenemos todos en la cabeza: un estado del bienestar es aquel en el que las personas se dotan a s\u00ed mismas de una organizaci\u00f3n tal (habitualmente personificada en el Estado) que garantiza la protecci\u00f3n social para todos los firmantes del pacto (incluso aquellos que aunque quisieran no tienen la opci\u00f3n a no firmar el pacto). Esta protecci\u00f3n incluye prestaciones por <strong>desempleo, servicio de sanidad, acceso a la educaci\u00f3n y a servicios sociales b\u00e1sicos, garant\u00eda de los derechos y libertades fundamentales<\/strong>.<\/p>\n<p>En las \u00faltimas d\u00e9cadas no cabe duda de que si hay un modelo del bienestar en el mundo ese es el que se desarroll\u00f3 en la Uni\u00f3n Europea tras la sangrante y atroz primera mitad del s. XX. Es evidente, sin embargo, que <strong>de un tiempo a esta parte este estado del bienestar est\u00e1 de capa ca\u00edda<\/strong> y cada vez garantiza menos los derechos fundamentales (plazos de detenci\u00f3n sin cargos cada vez mayores, espionaje estatal a los ciudadanos, cada vez menos derechos para la poblaci\u00f3n -tanto inmigrante como oriunda-). <strong>Los signos y los movimientos en este \u00e1mbito son numerosos<\/strong> y se suceden de forma constante en el tiempo.<\/p>\n<p>Del <strong>empobrecimiento gradual de la poblaci\u00f3n<\/strong>, debido a un aumento del coste de la vida (alimentos, vivienda -tanto en propiedad como en alquiler-) muy por encima del aumento salarial paralelo, a la imposici\u00f3n de un sistema <a href=\"http:\/\/www.versvs.net\/anotacion\/control-aeropuertos-playmobil\">altamente disciplinario<\/a>, el aumento de la jornada laboral <a href=\"http:\/\/estaeuropano.info\/por-que-no-queremos-esta-europa#65horas\">hasta las 65 horas<\/a>, la reducci\u00f3n de nuestra privacidad, la <a href=\"http:\/\/www.versvs.net\/anotacion\/sagrado-secreto-telecomunicaciones\">eliminaci\u00f3n del secreto de las telecomunicaciones<\/a>, y el paso al <a href=\"http:\/\/www.versvs.net\/anotacion\/mantenernos-fuera-control\">siempre vigilados<\/a>. Todo ello pasando por una reducci\u00f3n progresiva de los servicios sociales (con una sanidad <a href=\"http:\/\/www.deugarte.com\/de-la-privatizacion-a-la-feudalizacion\">privatizada encubierta<\/a>, con una educaci\u00f3n instrumentalizada y una justicia a las que el Estado no dedica en absoluto los recursos necesarios -para que as\u00ed se convierta en un arma aplicada de forma arbitraria contra aquellos a quienes interese). Y podr\u00eda seguir con bastantes ejemplos que muchos de ustedes ya conoc\u00e9is.<\/p>\n<p>Y entonces lleg\u00f3 la crisis. La principal herramienta del poder para <a href=\"http:\/\/www.versvs.net\/anotacion\/doctrina-del-shock\">imponer medidas<\/a> que de otra forma ser\u00edan rechazadas sin dudarlo. T\u00fa ves crisis ellos ven ocasi\u00f3n de <a href=\"http:\/\/www.versvs.net\/anotacion\/capitalismo-del-desastre\">hacer negocio<\/a> a costa de lo que nos pertenec\u00eda a todos.<\/p>\n<p>Europa, esa que los euronacionalistas (y a esos les tengo dedicado una reflexi\u00f3n que espero depurar prontito) ven como una entidad civilizada y pac\u00edfica, tiene en su curr\u00edculum muchas de las m\u00e1s atroces guerras que el mundo ha visto. Y estas guerras del s. XX surgieron de las miserias sociales a las que masas de personas desprovistas de toda condici\u00f3n de ciudadano fueron empujadas; surgieron de la radicalizaci\u00f3n de la pol\u00edtica que s\u00f3lo viene aparejada del miedo a morir de hambre. Y las consecuencias fueron grandes: la instauraci\u00f3n de los \u00abdocumentos de identidad nacional\u00bb (en Espa\u00f1a, por ejemplo, fue introducido durante la dictadura fascista del general Franco) y el <strong>cerrojazo a las fronteras y a los movimientos migratorios<\/strong>: es decir, de las crisis de primera mitad del s. XX naci\u00f3 <a href=\"http:\/\/www.deugarte.com\/como-en-el-29\">un mundo con fronteras mucho m\u00e1s r\u00edgidas y controladas<\/a>, y con ciudadanos mucho m\u00e1s controlados tambi\u00e9n dentro de las fronteras.<\/p>\n<p>Mientras tenemos la tendencia a observar <a href=\"http:\/\/www.estaeuropano.info\/\">Europa<\/a> como algo est\u00e1tico, \u00e9sta est\u00e1 evolucionando r\u00e1pidamente hacia <strong><a href=\"http:\/\/www.versvs.net\/la-sociedad-de-control\">una sociedad en la que las decisiones no se toman de forma asamblearia<\/a><\/strong> (de hecho, las instituciones de poder en la UE no son democr\u00e1ticas) sino por coerci\u00f3n. <strong>De la sociedad democr\u00e1tica a un r\u00e9gimen post-democr\u00e1tico<\/strong>, coercitivo y apoyado en la disciplina y el control ejercido sobre las personas.<\/p>\n<p>A la crisis econ\u00f3mica de la que tanto se habla, y que muchos comparan ya con la gran depresi\u00f3n del a\u00f1o 1929 que dio alas y dispar\u00f3 definitivamente el fascismo europeo del s. XX, hay que unir sin dudarlo ni un momento el continuo recorte de libertades en Europa y las <a href=\"https:\/\/lavigilanta.info\/wordpress\/?p=851\">llamadas xen\u00f3fobas y racistas<\/a>, que se producen ya desde la pol\u00edtica masiva y que <strong>ha perdido el miedo a expresar su racismo y su xenofobia a cara descubierta<\/strong>. Frente a un mundo que gracias a Internet necesita cada vez menos de las rancias estructuras \u00aben corralito\u00bb en que se han convertido los diferentes estados, el estado mismo reacciona <a href=\"http:\/\/maria.lamatriz.org\/viaje-a-espana-le-expulsamos-pero-con-cafe\">de forma virulenta y excluyente<\/a>, haci\u00e9ndose valer, temeroso de perder su excesivo poder si nadie le hace caso. Temeroso de quedarse en casa el s\u00e1bado porque nadie lo llame para salir; temeroso de que la gente busque otras cosas diferentes al control estatal de la vida p\u00fablica y <a href=\"http:\/\/www.versvs.net\/anotacion\/ue-quiere-estadisticas-raciales-conocer-tu-vida-intima\">privada<\/a>.<\/p>\n<p>En el contexto en que occidente afronta una de sus \u00faltimas grandes crisis siendo la referencia mundial, hay que volver a considerar <strong>las posibles <a href=\"http:\/\/www.versvs.net\/anotacion\/democracia-libre-mercado-oportunidades-perdidas-falsa-globalizacion\">consecuencias que una verdadera globalizaci\u00f3n<\/a><\/strong>, en la que adem\u00e1s del dinero las personas hubieran podido moverse libremente por el mundo en los \u00faltimos treinta a\u00f1os, <strong>habr\u00eda tenido<\/strong>. Con una ciudadan\u00eda europea que no hubiera desaprovechado la oportunidad de llevar a Asia y \u00c1frica <strong>mucho m\u00e1s que la libertad para los mercados: la libertad para las personas<\/strong> que viven all\u00ed.<\/p>\n<p>Eso nunca sucedi\u00f3 y occidente (Europa, Estados Unidos, Canada, Australia) pagar\u00e1n car\u00edsimo su desd\u00e9n hacia los ciudadanos de los pa\u00edses en desarrollo, <a href=\"http:\/\/www.versvs.net\/anotacion\/democracia-libre-mercado-oportunidades-perdidas-falsa-globalizacion\">pagar\u00e1n caro no haberles ayudado cuando lo tuvieron en la mano<\/a>.<\/p>\n<p>Hoy mismo, en pleno v\u00f3rtice del hundimiento bancario-demag\u00f3gico, hemos sabido que <strong>la ONU apoya una iniciativa para cambiar los protocolos que rigen la red y que se dificulte\/elimine el anonimato en la red<\/strong>. <a href=\"http:\/\/news.cnet.com\/8301-13578_3-10040152-38.html?tag=nl.e703\">La iniciativa<\/a>, por supuesto, est\u00e1 apadrinada por China (miembro del consejo de seguridad permanente de la ONU) y parece gozar del respaldo del resto del consejo de seguridad permanente; ya se pueden leer, sin embargo, las primeras <a href=\"http:\/\/www.webmasterlibre.com\/2008\/09\/16\/a-naciones-unidas-le-pica-el-anonimato-en-internet\/\">reflexiones de rechazo<\/a> desde el ciudadano de a pie. Est\u00e1 claro que no va a ser <a href=\"http:\/\/estaeuropano.info\/\">la maquinaria de la UE<\/a> quien se oponga, despu\u00e9s de habernos sisado <a href=\"http:\/\/www.versvs.net\/anotacion\/sagrado-secreto-telecomunicaciones\">el (otrora sacrosanto) secreto de las telecomunicaciones<\/a>. Por supuesto, para conseguir esto proponen redise\u00f1ar la web, y nosotros ya conocemos d\u00f3nde se esconde <a href=\"http:\/\/www.versvs.net\/anotacion\/peligro-redisenar-internet\">el peligro de redise\u00f1ar internet<\/a>.<\/p>\n<p><strong>\u00bfC\u00f3mo habr\u00eda sido un mundo en que desde 1989 (ca\u00edda del muro de Berl\u00edn y sucesos de Tiananmen), occidente se hubiera esforzado por llevar la democracia no s\u00f3lo a Europa del este sino tambi\u00e9n a China?<\/strong> No lo sabemos, pero podemos estimar que quiz\u00e1 tendr\u00edamos otras cartas en la mano. C\u00f3mo podr\u00edan ser si no sigui\u00e9ramos prestos a salir <a href=\"http:\/\/www.deugarte.com\/como-no-vamos-a-estar-contentos\">vestidos de camorrista<\/a> a mirar mal a todo el que no es como nosotros?<\/p>\n<p>Es dif\u00edcil jugar a las adivinanzas y no lo har\u00e9. Me quedar\u00e9 mejor en lo que tenemos en la mano. <strong>Perdimos el tiempo juntando <em>pitos<\/em> y el Estado, organizado, ya no quiere mus<\/strong>. Hay que jugar con lo que tenemos o dejar la mesa, y ya saben que <em>jugador de chicas, perdedor de mus<\/em>. Si de las crisis del s. XX nacieron los DNI, la Stasi, la KGB y las principales agencias de inteligencia europeas y norteamericana, \u00bfqu\u00e9 no podr\u00e1 salir de la <a href=\"http:\/\/www.versvs.net\/anotacion\/wall-street-journal-denuncia-auge-sociedad-control\">deriva autoritaria<\/a> de este <a href=\"http:\/\/estaeuropano.info\/\">occidente podrido<\/a>?<\/p>\n<p>Este es un post cargado de futuro, de cosas que a\u00fan no han sucedido. Pero es que cuando escribimos sobre el futuro lo hacemos para que \u00e9ste no suceda. Orwell no escribi\u00f3 <a href=\"http:\/\/www.versvs.net\/anotacion\/1984-george-orwell\">1984<\/a> para que nosotros lo vivi\u00e9ramos, por decirlo de alguna forma, sino para evitarlo; seguramente Leif GW. Persson tampoco escribi\u00f3 <em>el declive del estado del bienestar<\/em> para acelerarlo, pero ah\u00ed est\u00e1 <a href=\"http:\/\/elsomardon.blogia.com\/2008\/011801-entre-la-promesa-del-verano-y-el-frio-del-invierno.php\">su obra<\/a>. A ver si esta vez tenemos m\u00e1s suerte.<\/p>\n<p>[Por cierto, la petici\u00f3n de China a las Naciones Unidas llega en el momento justo, esta semana se vota en el europarlamento <a href=\"http:\/\/estaeuropano.info\/por-que-no-queremos-esta-europa#enmiendastorpedo\">el paquete telecom<\/a> por el que protestan <a href=\"http:\/\/estaeuropano.info\/\">cada vez m\u00e1s personas<\/a> y organizaciones y que amenaza con poner <a href=\"http:\/\/www.versvs.net\/anotacion\/internet-bajo-control-en-sociedad-digital\">internet bajo riguroso y f\u00e9rreo control<\/a>.]<\/p><\/blockquote>\n<p>(<strong>Original<\/strong>: <a href=\"http:\/\/www.versvs.net\/anotacion\/desaparicion-del-estado-del-bienestar\">La desaparici\u00f3n del estado del bienestar<\/a>)<\/div>\n","protected":false},"excerpt":{"rendered":"<p>Muchas veces enlazo comentarios de Versvs y los comento. Hoy no. Hoy es tan trascendente lo que ha escrito que lo copio y pego y os pido que lo le\u00e1is. El estado del bienestar es una cosa un tanto compleja pero que, en cierta medida, tenemos todos en la cabeza: un estado del bienestar es &hellip; <a href=\"https:\/\/lavigilanta.info\/?p=861\" class=\"more-link\">Seguir leyendo <span class=\"screen-reader-text\">La desaparici\u00f3n del estado del bienestar<\/span> <span class=\"meta-nav\">&rarr;<\/span><\/a><\/p>\n","protected":false},"author":2,"featured_media":0,"comment_status":"open","ping_status":"open","sticky":false,"template":"","format":"standard","meta":[],"categories":[29,36,44,66,87,88,116,130],"tags":[],"_links":{"self":[{"href":"https:\/\/lavigilanta.info\/index.php?rest_route=\/wp\/v2\/posts\/861"}],"collection":[{"href":"https:\/\/lavigilanta.info\/index.php?rest_route=\/wp\/v2\/posts"}],"about":[{"href":"https:\/\/lavigilanta.info\/index.php?rest_route=\/wp\/v2\/types\/post"}],"author":[{"embeddable":true,"href":"https:\/\/lavigilanta.info\/index.php?rest_route=\/wp\/v2\/users\/2"}],"replies":[{"embeddable":true,"href":"https:\/\/lavigilanta.info\/index.php?rest_route=%2Fwp%2Fv2%2Fcomments&post=861"}],"version-history":[{"count":2,"href":"https:\/\/lavigilanta.info\/index.php?rest_route=\/wp\/v2\/posts\/861\/revisions"}],"predecessor-version":[{"id":863,"href":"https:\/\/lavigilanta.info\/index.php?rest_route=\/wp\/v2\/posts\/861\/revisions\/863"}],"wp:attachment":[{"href":"https:\/\/lavigilanta.info\/index.php?rest_route=%2Fwp%2Fv2%2Fmedia&parent=861"}],"wp:term":[{"taxonomy":"category","embeddable":true,"href":"https:\/\/lavigilanta.info\/index.php?rest_route=%2Fwp%2Fv2%2Fcategories&post=861"},{"taxonomy":"post_tag","embeddable":true,"href":"https:\/\/lavigilanta.info\/index.php?rest_route=%2Fwp%2Fv2%2Ftags&post=861"}],"curies":[{"name":"wp","href":"https:\/\/api.w.org\/{rel}","templated":true}]}}