{"id":852,"date":"2008-09-16T10:26:49","date_gmt":"2008-09-16T08:26:49","guid":{"rendered":"http:\/\/lavigilanta.info\/wordpress\/?p=852"},"modified":"2008-09-16T10:40:50","modified_gmt":"2008-09-16T08:40:50","slug":"cambios-en-el-desayuno-publico-numero-uno","status":"publish","type":"post","link":"https:\/\/lavigilanta.info\/?p=852","title":{"rendered":"Cambios en el \u00abDesayuno P\u00fablico N\u00famero Uno\u00bb"},"content":{"rendered":"<figure id=\"attachment_854\" aria-describedby=\"caption-attachment-854\" style=\"width: 300px\" class=\"wp-caption alignnone\"><a href=\"https:\/\/lavigilanta.info\/wordpress\/wp-content\/uploads\/2008\/09\/bcnskyline.gif\"><img decoding=\"async\" loading=\"lazy\" class=\"size-medium wp-image-854\" title=\"bcnskyline\" src=\"https:\/\/lavigilanta.info\/wordpress\/wp-content\/uploads\/2008\/09\/bcnskyline-300x103.gif\" alt=\"Barcelona Skyline 92\" width=\"300\" height=\"103\" srcset=\"https:\/\/lavigilanta.info\/wp-content\/uploads\/2008\/09\/bcnskyline-300x103.gif 300w, https:\/\/lavigilanta.info\/wp-content\/uploads\/2008\/09\/bcnskyline.gif 542w\" sizes=\"(max-width: 300px) 100vw, 300px\" \/><\/a><figcaption id=\"caption-attachment-854\" class=\"wp-caption-text\">Barcelona Skyline 92<\/figcaption><\/figure>\n<p>Paloma, de <a href=\"http:\/\/destapaelcontrol.blogspot.com\/\">Destapa el Control<\/a>, propuso este verano que tras las vacaciones\u00a0<a href=\"http:\/\/destapaelcontrol.blogspot.com\/2008\/07\/httpwww.html\">nos reuni\u00e9ramos todos para desayunar<\/a>, \u00bfd\u00f3nde?, pues <strong>en la calle<\/strong>, para celebrar nuestra libertad y reivindicar el derecho que los ciudadanos tenemos a hacer un <strong>uso apropiado del espacio p\u00fablico<\/strong> <strong>que no moleste a nadie m\u00e1s<\/strong>.<\/p>\n<p>La propuesta era hacerlo en la plaza del MACBA en Barcelona el 5 de octubre. Todo muy informal: cada cual se traer\u00eda su bocadillo, madalenas, churros o lo que m\u00e1s le apeteciese. Solo se trata de pasar un buen rato y como dicen los ingleses, poner una cara a cada nombre de esta ciber-familia que ya\u00a0somos.<\/p>\n<p>Hoy nos avisa Paloma que ha realizado una visita a la plaza en cuesti\u00f3n y que <a href=\"http:\/\/destapaelcontrol.blogspot.com\/2008\/09\/cambios-en-el-desayuno-pblico-n1.html\">no va a poder ser en esa fecha y lugar<\/a>. No nos da los detalles, pero conociendo esa plaza y la persecuci\u00f3n a los skaters (otra inconsistencia del ajuntament: venga utilizar lo \u00abcool\u00bb que son y promover la ciudad como la capital europea del pat\u00edn para luego multarlos por estropear el mobiliario urbano) supongo que los urbanos y mossos que la vigilan (de modo nada obvio, casual o \u00abde barri\u00bb) dispersan sin miramientos a cualquier persona que se ponga a hacer lo que sea en esa plaza, excepto claro est\u00e1 sentarse en una terraza de pago a consumir. Consumir, consumir&#8230; ay, la <strong>comercializaci\u00f3n del centro de Barcelona<\/strong>.<\/p>\n<p>Me he cogido una copia de la <a href=\"http:\/\/www.bcn.es\/conselldeciutat\/pdf\/plenari_22novembre_projecte_ordenanca.pdf\">ordenanza de civismo<\/a> (documento en catal\u00e1n) que con tanta pol\u00e9mica public\u00f3 el ayuntamiento para regular el uso de los espacios p\u00fablicos, y por mucho que me esfuerze, gafas y todo, <strong>no veo que una reuni\u00f3n de un\u00a0grupo de amigos con termos de caf\u00e9 con leche y pastas sea una actividad prohibida<\/strong>.<\/p>\n<p>Probablemente en una zona menos \u00abcaliente\u00bb el desayuno se pueda llevar a cabo de manera tranquila&#8230; Paloma nos informar\u00e1 en breve de las nuevas propuestas recogidas.<\/p>\n","protected":false},"excerpt":{"rendered":"<p>Paloma, de Destapa el Control, propuso este verano que tras las vacaciones\u00a0nos reuni\u00e9ramos todos para desayunar, \u00bfd\u00f3nde?, pues en la calle, para celebrar nuestra libertad y reivindicar el derecho que los ciudadanos tenemos a hacer un uso apropiado del espacio p\u00fablico que no moleste a nadie m\u00e1s. La propuesta era hacerlo en la plaza del &hellip; <a href=\"https:\/\/lavigilanta.info\/?p=852\" class=\"more-link\">Seguir leyendo <span class=\"screen-reader-text\">Cambios en el \u00abDesayuno P\u00fablico N\u00famero Uno\u00bb<\/span> <span class=\"meta-nav\">&rarr;<\/span><\/a><\/p>\n","protected":false},"author":2,"featured_media":0,"comment_status":"open","ping_status":"open","sticky":false,"template":"","format":"standard","meta":[],"categories":[168,36,88],"tags":[],"_links":{"self":[{"href":"https:\/\/lavigilanta.info\/index.php?rest_route=\/wp\/v2\/posts\/852"}],"collection":[{"href":"https:\/\/lavigilanta.info\/index.php?rest_route=\/wp\/v2\/posts"}],"about":[{"href":"https:\/\/lavigilanta.info\/index.php?rest_route=\/wp\/v2\/types\/post"}],"author":[{"embeddable":true,"href":"https:\/\/lavigilanta.info\/index.php?rest_route=\/wp\/v2\/users\/2"}],"replies":[{"embeddable":true,"href":"https:\/\/lavigilanta.info\/index.php?rest_route=%2Fwp%2Fv2%2Fcomments&post=852"}],"version-history":[{"count":5,"href":"https:\/\/lavigilanta.info\/index.php?rest_route=\/wp\/v2\/posts\/852\/revisions"}],"predecessor-version":[{"id":857,"href":"https:\/\/lavigilanta.info\/index.php?rest_route=\/wp\/v2\/posts\/852\/revisions\/857"}],"wp:attachment":[{"href":"https:\/\/lavigilanta.info\/index.php?rest_route=%2Fwp%2Fv2%2Fmedia&parent=852"}],"wp:term":[{"taxonomy":"category","embeddable":true,"href":"https:\/\/lavigilanta.info\/index.php?rest_route=%2Fwp%2Fv2%2Fcategories&post=852"},{"taxonomy":"post_tag","embeddable":true,"href":"https:\/\/lavigilanta.info\/index.php?rest_route=%2Fwp%2Fv2%2Ftags&post=852"}],"curies":[{"name":"wp","href":"https:\/\/api.w.org\/{rel}","templated":true}]}}