{"id":851,"date":"2008-09-16T12:58:55","date_gmt":"2008-09-16T10:58:55","guid":{"rendered":"http:\/\/lavigilanta.info\/wordpress\/?p=851"},"modified":"2008-09-16T14:39:01","modified_gmt":"2008-09-16T12:39:01","slug":"rajoy-inconsistente-y-xenofobo-hay-muchos-extranjeros-cobrando-paro-y-espanoles-buscando-trabajo-fuera","status":"publish","type":"post","link":"https:\/\/lavigilanta.info\/?p=851","title":{"rendered":"Rajoy, inconsistente y xen\u00f3fobo: \u00abHay muchos extranjeros cobrando paro y espa\u00f1oles buscando trabajo fuera\u00bb"},"content":{"rendered":"<p>Rajoy me sorprende (o quiz\u00e1s no) con estas declaraciones publicadas en <a href=\"http:\/\/www.elmundo.es\/elmundo\/2008\/09\/15\/espana\/1221472815.html\">El Mundo<\/a>: <em>Hay muchos extranjeros cobrando paro y espa\u00f1oles buscando trabajo fuera<\/em>.<\/p>\n<p>Entiendo por qu\u00e9 dice esto Rajoy, es para meterse en el bolsillo a los <a href=\"http:\/\/www.deugarte.com\/espana-ve-cada-vez-menos-el-mundo\">ejpa\u00f1oles<\/a> a los que les gusta <em>escenas de matrimonio<\/em>: poca neurona y que se tragan cualquier tonter\u00eda, especialmente una que les haga sentir bien, que les haga sentir que son mejores que los dem\u00e1s, que tienen m\u00e1s derechos que el hijo de vecino (inmigrante). Una medida populista, pues.<\/p>\n<p>Lo que no sabe Rajoy (o no le importa) es lo peligroso que puede resultar el tener a una poblaci\u00f3n aut\u00f3ctona convencida de que por haber nacido en cualquiera de las provincias espa\u00f1olas tienen moralmente m\u00e1s derechos que cualquier otra persona. Y esto es especialmente peligroso en \u00e9poca de crisis, cuando las cosas van mal, cuando hay que \u00abcompetir\u00bb por los recursos. Entonces la cosa puede echar chispas. Y cuchilladas. Literalmente.<\/p>\n<p>Pero adem\u00e1s es que su afirmaci\u00f3n es de imb\u00e9ciles, no tiene ni pies ni cabeza. Me expliquen a m\u00ed por qu\u00e9 un ecuatoriano, peruano, marroqu\u00ed, noruego o suizo que haya cotizado a la Seguridad Social durante el tiempo suficiente, que ha cumplido con sus obligaciones como buen ciudadano que es, \u00bf\u00bfno tenga derecho a cobrar el paro?? \u00bfY eso qu\u00e9 tiene que ver con que el andaluz salga a vendimiar? \u00bfQuiz\u00e1s es que a esos 20.000 andaluces que menciona se les ha caducado los 2 a\u00f1os de cobro de paro? Y si seguimos tirando de ese hilo y aceptamos que hay espa\u00f1oles (como yo) que estamos trabajando duro en el extranjero, \u00bfquiere el se\u00f1or Rajoy decir que ni esos 20.000 andaluces que vendimian, ni yo que tecleteo y me devano los sesos en mil reuniones,\u00a0tendremos derecho de cobrar el paro en los pa\u00edses donde trabajamos solo porque en Francia, o en Inglaterra, un espa\u00f1ol es (oooooh, qu\u00e9 feo, qu\u00e9 denigrante) \u00bf\u00bfun inmigrante?? \u00bf\u00bfun extranjero??<\/p>\n<p><strong>V\u00e1yase, se\u00f1or Rajoy. A la mierda, por favor.<\/strong><\/p>\n","protected":false},"excerpt":{"rendered":"<p>Rajoy me sorprende (o quiz\u00e1s no) con estas declaraciones publicadas en El Mundo: Hay muchos extranjeros cobrando paro y espa\u00f1oles buscando trabajo fuera. Entiendo por qu\u00e9 dice esto Rajoy, es para meterse en el bolsillo a los ejpa\u00f1oles a los que les gusta escenas de matrimonio: poca neurona y que se tragan cualquier tonter\u00eda, especialmente &hellip; <a href=\"https:\/\/lavigilanta.info\/?p=851\" class=\"more-link\">Seguir leyendo <span class=\"screen-reader-text\">Rajoy, inconsistente y xen\u00f3fobo: \u00abHay muchos extranjeros cobrando paro y espa\u00f1oles buscando trabajo fuera\u00bb<\/span> <span class=\"meta-nav\">&rarr;<\/span><\/a><\/p>\n","protected":false},"author":2,"featured_media":0,"comment_status":"open","ping_status":"open","sticky":false,"template":"","format":"standard","meta":[],"categories":[54,116],"tags":[],"_links":{"self":[{"href":"https:\/\/lavigilanta.info\/index.php?rest_route=\/wp\/v2\/posts\/851"}],"collection":[{"href":"https:\/\/lavigilanta.info\/index.php?rest_route=\/wp\/v2\/posts"}],"about":[{"href":"https:\/\/lavigilanta.info\/index.php?rest_route=\/wp\/v2\/types\/post"}],"author":[{"embeddable":true,"href":"https:\/\/lavigilanta.info\/index.php?rest_route=\/wp\/v2\/users\/2"}],"replies":[{"embeddable":true,"href":"https:\/\/lavigilanta.info\/index.php?rest_route=%2Fwp%2Fv2%2Fcomments&post=851"}],"version-history":[{"count":2,"href":"https:\/\/lavigilanta.info\/index.php?rest_route=\/wp\/v2\/posts\/851\/revisions"}],"predecessor-version":[{"id":860,"href":"https:\/\/lavigilanta.info\/index.php?rest_route=\/wp\/v2\/posts\/851\/revisions\/860"}],"wp:attachment":[{"href":"https:\/\/lavigilanta.info\/index.php?rest_route=%2Fwp%2Fv2%2Fmedia&parent=851"}],"wp:term":[{"taxonomy":"category","embeddable":true,"href":"https:\/\/lavigilanta.info\/index.php?rest_route=%2Fwp%2Fv2%2Fcategories&post=851"},{"taxonomy":"post_tag","embeddable":true,"href":"https:\/\/lavigilanta.info\/index.php?rest_route=%2Fwp%2Fv2%2Ftags&post=851"}],"curies":[{"name":"wp","href":"https:\/\/api.w.org\/{rel}","templated":true}]}}