{"id":82,"date":"2005-12-07T10:47:00","date_gmt":"2005-12-07T10:47:00","guid":{"rendered":"http:\/\/lavigilanta.info\/wordpress\/?p=82"},"modified":"2005-12-07T10:47:00","modified_gmt":"2005-12-07T10:47:00","slug":"la-industria-musical-quiere-montarse-al-carro-de-la-data-retention-de-la-ue","status":"publish","type":"post","link":"https:\/\/lavigilanta.info\/?p=82","title":{"rendered":"La industria musical quiere &#34;montarse al carro&#34; de la data retention de la UE"},"content":{"rendered":"<p>Parece ser que los de la industria musical han montado un nuevo lobby (grupo de presi\u00f3n) en Bruselas llamado Creative and Media Business Alliance y han enviado una <a href=\"http:\/\/wiki.dataretentionisnosolution.com:81\/index.php\/The_recording_industry_calls_for_data_retention_for_infringers\">carta<\/a> a todos los parlamentarios europeos en la que les piden que los datos de tr\u00e1fico internet retenidos seg\u00fan la futura directiva que est\u00e1 por caer se usen, aparte de para delitos \u00abserios\u00bb -el origen de la directiva: seguridad, terrorismo&#8230;-, para \u00abla lucha contra la pirater\u00eda por internet\u00bb.<\/p>\n<p>Esta gente no tienen verg\u00fcenza. Jo\u00e9, que se pongan a innovar, que hagan como Apple, que reinventen su negocio&#8230; como ha tenido que hacer todo el mundo cada vez que ha aparecido una innovaci\u00f3n con implicaciones fuertes en su campo de actividad.<\/p>\n<p>\u00a1Pues anda que no hace rato que se reciclaron los del gremio de operadoras de centralita telef\u00f3nica! \u00a1Y las vaquer\u00edas en el Eixample de Barcelona (pleno centro) anda que no hace tiempo que cerraron! \u00a1Pues desde que se pasteuriza la leche! La gente sigue bebiendo leche y seguir\u00e1 escuchando m\u00fasica haya o no haya pasteurizaci\u00f3n o internet. \u00a1Por qu\u00e9 las disqueras no pueden adaptarse a los nuevos tiempos y dejar de fastidiar!<\/p>\n<p>Lo publican en <a href=\"http:\/\/www.theregister.co.uk\/2005\/11\/25\/data_retention\/\">The Register<\/a>.<\/p>\n","protected":false},"excerpt":{"rendered":"<p>Parece ser que los de la industria musical han montado un nuevo lobby (grupo de presi\u00f3n) en Bruselas llamado Creative and Media Business Alliance y han enviado una carta a todos los parlamentarios europeos en la que les piden que los datos de tr\u00e1fico internet retenidos seg\u00fan la futura directiva que est\u00e1 por caer se &hellip; <a href=\"https:\/\/lavigilanta.info\/?p=82\" class=\"more-link\">Seguir leyendo <span class=\"screen-reader-text\">La industria musical quiere &#34;montarse al carro&#34; de la data retention de la UE<\/span> <span class=\"meta-nav\">&rarr;<\/span><\/a><\/p>\n","protected":false},"author":2,"featured_media":0,"comment_status":"open","ping_status":"open","sticky":false,"template":"","format":"standard","meta":[],"categories":[1],"tags":[],"_links":{"self":[{"href":"https:\/\/lavigilanta.info\/index.php?rest_route=\/wp\/v2\/posts\/82"}],"collection":[{"href":"https:\/\/lavigilanta.info\/index.php?rest_route=\/wp\/v2\/posts"}],"about":[{"href":"https:\/\/lavigilanta.info\/index.php?rest_route=\/wp\/v2\/types\/post"}],"author":[{"embeddable":true,"href":"https:\/\/lavigilanta.info\/index.php?rest_route=\/wp\/v2\/users\/2"}],"replies":[{"embeddable":true,"href":"https:\/\/lavigilanta.info\/index.php?rest_route=%2Fwp%2Fv2%2Fcomments&post=82"}],"version-history":[{"count":0,"href":"https:\/\/lavigilanta.info\/index.php?rest_route=\/wp\/v2\/posts\/82\/revisions"}],"wp:attachment":[{"href":"https:\/\/lavigilanta.info\/index.php?rest_route=%2Fwp%2Fv2%2Fmedia&parent=82"}],"wp:term":[{"taxonomy":"category","embeddable":true,"href":"https:\/\/lavigilanta.info\/index.php?rest_route=%2Fwp%2Fv2%2Fcategories&post=82"},{"taxonomy":"post_tag","embeddable":true,"href":"https:\/\/lavigilanta.info\/index.php?rest_route=%2Fwp%2Fv2%2Ftags&post=82"}],"curies":[{"name":"wp","href":"https:\/\/api.w.org\/{rel}","templated":true}]}}