{"id":80,"date":"2005-11-30T11:40:00","date_gmt":"2005-11-30T11:40:00","guid":{"rendered":"http:\/\/lavigilanta.info\/wordpress\/?p=80"},"modified":"2005-11-30T11:40:00","modified_gmt":"2005-11-30T11:40:00","slug":"flash-ue-se-aprueba-una-directiva-de-retencion-de-datos-modificada","status":"publish","type":"post","link":"https:\/\/lavigilanta.info\/?p=80","title":{"rendered":"Flash UE: Se aprueba una directiva de retenci\u00f3n de datos modificada"},"content":{"rendered":"<p>El comit\u00e9 de libertades civiles del Parlamento Europeo ha aprobado una versi\u00f3n revisada de la directiva de retenci\u00f3n de datos de la UE. El nuevo borrador requiere que los proveedores de telecomunicaciones retengan datos sobre el tr\u00e1fico internet durante 6 meses y datos de llamadas telef\u00f3nicas durante un a\u00f1o. Tambi\u00e9n exige a los gobiernos que reembolsen a dichos proveedores el monto incurrido por la aplicaci\u00f3n de estas reglas de retenci\u00f3n de datos. Adem\u00e1s, solamente un juez puede autorizar acceso a los datos retenidos. La propuesta ahora pasar\u00e1 al Consejo de ministros para que le hagan cambios; el Consejo ya ha dicho que quiere periodos de retenci\u00f3n m\u00e1s largos. El Consejo y el Parlamento tienen que llegar a un acuerdo para que la directiva se convierta en ley.<\/p>\n<p>El <a href=\"http:\/\/www.europarl.eu.int\/news\/expert\/infopress_page\/013-2689-328-11-47-902-20051118IPR02597-24-11-2005-2005--false\/default_en.htm\">link<\/a>.<\/p>\n","protected":false},"excerpt":{"rendered":"<p>El comit\u00e9 de libertades civiles del Parlamento Europeo ha aprobado una versi\u00f3n revisada de la directiva de retenci\u00f3n de datos de la UE. El nuevo borrador requiere que los proveedores de telecomunicaciones retengan datos sobre el tr\u00e1fico internet durante 6 meses y datos de llamadas telef\u00f3nicas durante un a\u00f1o. Tambi\u00e9n exige a los gobiernos que &hellip; <a href=\"https:\/\/lavigilanta.info\/?p=80\" class=\"more-link\">Seguir leyendo <span class=\"screen-reader-text\">Flash UE: Se aprueba una directiva de retenci\u00f3n de datos modificada<\/span> <span class=\"meta-nav\">&rarr;<\/span><\/a><\/p>\n","protected":false},"author":2,"featured_media":0,"comment_status":"open","ping_status":"open","sticky":false,"template":"","format":"standard","meta":[],"categories":[1],"tags":[],"_links":{"self":[{"href":"https:\/\/lavigilanta.info\/index.php?rest_route=\/wp\/v2\/posts\/80"}],"collection":[{"href":"https:\/\/lavigilanta.info\/index.php?rest_route=\/wp\/v2\/posts"}],"about":[{"href":"https:\/\/lavigilanta.info\/index.php?rest_route=\/wp\/v2\/types\/post"}],"author":[{"embeddable":true,"href":"https:\/\/lavigilanta.info\/index.php?rest_route=\/wp\/v2\/users\/2"}],"replies":[{"embeddable":true,"href":"https:\/\/lavigilanta.info\/index.php?rest_route=%2Fwp%2Fv2%2Fcomments&post=80"}],"version-history":[{"count":0,"href":"https:\/\/lavigilanta.info\/index.php?rest_route=\/wp\/v2\/posts\/80\/revisions"}],"wp:attachment":[{"href":"https:\/\/lavigilanta.info\/index.php?rest_route=%2Fwp%2Fv2%2Fmedia&parent=80"}],"wp:term":[{"taxonomy":"category","embeddable":true,"href":"https:\/\/lavigilanta.info\/index.php?rest_route=%2Fwp%2Fv2%2Fcategories&post=80"},{"taxonomy":"post_tag","embeddable":true,"href":"https:\/\/lavigilanta.info\/index.php?rest_route=%2Fwp%2Fv2%2Ftags&post=80"}],"curies":[{"name":"wp","href":"https:\/\/api.w.org\/{rel}","templated":true}]}}