{"id":79,"date":"2005-11-28T15:40:00","date_gmt":"2005-11-28T15:40:00","guid":{"rendered":"http:\/\/lavigilanta.info\/wordpress\/?p=79"},"modified":"2005-11-28T15:40:00","modified_gmt":"2005-11-28T15:40:00","slug":"ii-jornadas-de-software-libre-la-farga","status":"publish","type":"post","link":"https:\/\/lavigilanta.info\/?p=79","title":{"rendered":"II jornadas de software libre La Farga"},"content":{"rendered":"<p>En mi otro <a href=\"http:\/\/acalpixca.blogspot.com\/2005\/11\/ii-jornada-la-farga-software-libre-y_28.html\">blog<\/a> estoy narrando estas divertidas jornadas. En el post que pongo hoy est\u00e1 la presentaci\u00f3n a cargo de Oriol Ferran, el secretario de Telecomunicaciones y Sociedad de la Informaci\u00f3n de la Generalitat.<\/p>\n<p>Es interesante ver (lo que dicen que) hacen al respecto de la promoci\u00f3n del software libre.<\/p>\n","protected":false},"excerpt":{"rendered":"<p>En mi otro blog estoy narrando estas divertidas jornadas. En el post que pongo hoy est\u00e1 la presentaci\u00f3n a cargo de Oriol Ferran, el secretario de Telecomunicaciones y Sociedad de la Informaci\u00f3n de la Generalitat. Es interesante ver (lo que dicen que) hacen al respecto de la promoci\u00f3n del software libre.<\/p>\n","protected":false},"author":2,"featured_media":0,"comment_status":"open","ping_status":"open","sticky":false,"template":"","format":"standard","meta":[],"categories":[1],"tags":[],"_links":{"self":[{"href":"https:\/\/lavigilanta.info\/index.php?rest_route=\/wp\/v2\/posts\/79"}],"collection":[{"href":"https:\/\/lavigilanta.info\/index.php?rest_route=\/wp\/v2\/posts"}],"about":[{"href":"https:\/\/lavigilanta.info\/index.php?rest_route=\/wp\/v2\/types\/post"}],"author":[{"embeddable":true,"href":"https:\/\/lavigilanta.info\/index.php?rest_route=\/wp\/v2\/users\/2"}],"replies":[{"embeddable":true,"href":"https:\/\/lavigilanta.info\/index.php?rest_route=%2Fwp%2Fv2%2Fcomments&post=79"}],"version-history":[{"count":0,"href":"https:\/\/lavigilanta.info\/index.php?rest_route=\/wp\/v2\/posts\/79\/revisions"}],"wp:attachment":[{"href":"https:\/\/lavigilanta.info\/index.php?rest_route=%2Fwp%2Fv2%2Fmedia&parent=79"}],"wp:term":[{"taxonomy":"category","embeddable":true,"href":"https:\/\/lavigilanta.info\/index.php?rest_route=%2Fwp%2Fv2%2Fcategories&post=79"},{"taxonomy":"post_tag","embeddable":true,"href":"https:\/\/lavigilanta.info\/index.php?rest_route=%2Fwp%2Fv2%2Ftags&post=79"}],"curies":[{"name":"wp","href":"https:\/\/api.w.org\/{rel}","templated":true}]}}