{"id":72,"date":"2005-11-18T12:39:00","date_gmt":"2005-11-18T12:39:00","guid":{"rendered":"http:\/\/lavigilanta.info\/wordpress\/?p=72"},"modified":"2005-11-18T12:39:00","modified_gmt":"2005-11-18T12:39:00","slug":"iv-encuentro-iberoamericano-de-proteccion-de-datos-personales","status":"publish","type":"post","link":"https:\/\/lavigilanta.info\/?p=72","title":{"rendered":"IV Encuentro Iberoamericano de Protecci\u00f3n de Datos Personales"},"content":{"rendered":"<p>Se ha celebrado hace apenas una semanita, \u00a1y no me enter\u00e9! Alg\u00fan a\u00f1o de \u00e9stos me invitan, fijo, con avi\u00f3n en clase \u00abbisnes\u00bb \ud83d\ude42<\/p>\n<p>El <a href=\"http:\/\/www.ifai.org.mx\/eventos\/2005\/enc_Ibero\/presentacion.htm\">link<\/a>.<\/p>\n","protected":false},"excerpt":{"rendered":"<p>Se ha celebrado hace apenas una semanita, \u00a1y no me enter\u00e9! Alg\u00fan a\u00f1o de \u00e9stos me invitan, fijo, con avi\u00f3n en clase \u00abbisnes\u00bb \ud83d\ude42 El link.<\/p>\n","protected":false},"author":2,"featured_media":0,"comment_status":"open","ping_status":"open","sticky":false,"template":"","format":"standard","meta":[],"categories":[1],"tags":[],"_links":{"self":[{"href":"https:\/\/lavigilanta.info\/index.php?rest_route=\/wp\/v2\/posts\/72"}],"collection":[{"href":"https:\/\/lavigilanta.info\/index.php?rest_route=\/wp\/v2\/posts"}],"about":[{"href":"https:\/\/lavigilanta.info\/index.php?rest_route=\/wp\/v2\/types\/post"}],"author":[{"embeddable":true,"href":"https:\/\/lavigilanta.info\/index.php?rest_route=\/wp\/v2\/users\/2"}],"replies":[{"embeddable":true,"href":"https:\/\/lavigilanta.info\/index.php?rest_route=%2Fwp%2Fv2%2Fcomments&post=72"}],"version-history":[{"count":0,"href":"https:\/\/lavigilanta.info\/index.php?rest_route=\/wp\/v2\/posts\/72\/revisions"}],"wp:attachment":[{"href":"https:\/\/lavigilanta.info\/index.php?rest_route=%2Fwp%2Fv2%2Fmedia&parent=72"}],"wp:term":[{"taxonomy":"category","embeddable":true,"href":"https:\/\/lavigilanta.info\/index.php?rest_route=%2Fwp%2Fv2%2Fcategories&post=72"},{"taxonomy":"post_tag","embeddable":true,"href":"https:\/\/lavigilanta.info\/index.php?rest_route=%2Fwp%2Fv2%2Ftags&post=72"}],"curies":[{"name":"wp","href":"https:\/\/api.w.org\/{rel}","templated":true}]}}