{"id":705,"date":"2008-07-30T12:42:19","date_gmt":"2008-07-30T10:42:19","guid":{"rendered":"http:\/\/lavigilanta.info\/wordpress\/?p=705"},"modified":"2008-08-19T16:22:10","modified_gmt":"2008-08-19T14:22:10","slug":"el-colmo-del-cinismo-inauguran-sala-vip-en-barajas-para-deportadosno-admitidos-en-espana","status":"publish","type":"post","link":"https:\/\/lavigilanta.info\/?p=705","title":{"rendered":"El colmo del cinismo: inauguran sala \u00abVIP\u00bb en Barajas para deportados\/no admitidos en Espa\u00f1a"},"content":{"rendered":"<p>En <a href=\"http:\/\/maria.lamatriz.org\/viaje-a-espana-le-expulsamos-pero-con-cafe\">A desalambrar<\/a> llego a esta nota de prensa donde se notifica la <a href=\"http:\/\/www.europapress.es\/madrid\/noticia-entra-funcionamiento-nueva-sala-inadmitidos-aeropuerto-barajas-20080728134534.html\">inauguraci\u00f3n de la sala de no admitidos en\u00a0el terminal 4 del aeropuerto\u00a0de Barajas<\/a>. Ah\u00ed leemos que se trata de un lugar acogedor donde pasar el tiempo hasta que te metan (\u00bfesposado?) en el avi\u00f3n que te llevar\u00e1 de vuelta al destino desde el cual has intentado entrar en Espa\u00f1a.<\/p>\n<p>Esto es una reacci\u00f3n absolutamente rid\u00edcula a la vergonzosa exposici\u00f3n a la que someti\u00f3 Brasil al Estado espa\u00f1ol al denunciar la ola de rechazos en Barajas y El Prat a pasajeros que ven\u00edan a Espa\u00f1a <strong>con todo el papeleo legal vigente y en curso<\/strong>, en base a sospechas nada objetivas del oficial de migraci\u00f3n en curso. Lo que Brasil comenz\u00f3 a hacer a principios de este a\u00f1o es <a href=\"http:\/\/www.20minutos.es\/noticia\/358953\/l\/\">someter a los viajeros de origen espa\u00f1ol a exactamente el mismo trato que se le estaba dando a miles de brasile\u00f1os<\/a>\u00a0en los aeropuertos espa\u00f1oles.<\/p>\n<p>Ahora el gobierno espa\u00f1ol toma una medida de aquellas que denota que no entienden de qu\u00e9 va el problema, <strong>o que\u00a0se est\u00e1n haciendo los tontos<\/strong>. Han acondicionado una sala especial en Barajas para que el tiempo transcurrido entre la no autorizaci\u00f3n de entrada y la repatriaci\u00f3n se pase en condiciones c\u00f3modas.<\/p>\n<p>El problema, se\u00f1ores, era denegar la entrada a personas <strong>\u00a1\u00a1\u00a1\u00a1siguiendo criterios subjetivos!!!!<\/strong> Basados en preconcepciones racistas, clasistas y todo tipo de -istas!!!<\/p>\n<p>Porque si alguien te llega y te dice que su hija se casa el s\u00e1bado y que viene a la boda, \u00bfqu\u00e9 cuesta\u00a0ponerse en contacto con la familia local y corroborar la historia? Si un cient\u00edfico brasile\u00f1o va a Portugal a un congreso y hace escala en Barajas, \u00bfqu\u00e9 cuesta llamar a Portugal y comprobar que efectivamente est\u00e1 en la lista de asistentes?<\/p>\n<p>Eso hubiese sido una mejora a difundir a bombo y platillo. \u00bfLa mejora de la comodidad de la espera de tu vuelo de repatriaci\u00f3n? <strong>I don&#8217;t think so.<\/strong><\/p>\n","protected":false},"excerpt":{"rendered":"<p>En A desalambrar llego a esta nota de prensa donde se notifica la inauguraci\u00f3n de la sala de no admitidos en\u00a0el terminal 4 del aeropuerto\u00a0de Barajas. Ah\u00ed leemos que se trata de un lugar acogedor donde pasar el tiempo hasta que te metan (\u00bfesposado?) en el avi\u00f3n que te llevar\u00e1 de vuelta al destino desde &hellip; <a href=\"https:\/\/lavigilanta.info\/?p=705\" class=\"more-link\">Seguir leyendo <span class=\"screen-reader-text\">El colmo del cinismo: inauguran sala \u00abVIP\u00bb en Barajas para deportados\/no admitidos en Espa\u00f1a<\/span> <span class=\"meta-nav\">&rarr;<\/span><\/a><\/p>\n","protected":false},"author":2,"featured_media":0,"comment_status":"open","ping_status":"open","sticky":false,"template":"","format":"standard","meta":[],"categories":[44,54],"tags":[],"_links":{"self":[{"href":"https:\/\/lavigilanta.info\/index.php?rest_route=\/wp\/v2\/posts\/705"}],"collection":[{"href":"https:\/\/lavigilanta.info\/index.php?rest_route=\/wp\/v2\/posts"}],"about":[{"href":"https:\/\/lavigilanta.info\/index.php?rest_route=\/wp\/v2\/types\/post"}],"author":[{"embeddable":true,"href":"https:\/\/lavigilanta.info\/index.php?rest_route=\/wp\/v2\/users\/2"}],"replies":[{"embeddable":true,"href":"https:\/\/lavigilanta.info\/index.php?rest_route=%2Fwp%2Fv2%2Fcomments&post=705"}],"version-history":[{"count":4,"href":"https:\/\/lavigilanta.info\/index.php?rest_route=\/wp\/v2\/posts\/705\/revisions"}],"predecessor-version":[{"id":784,"href":"https:\/\/lavigilanta.info\/index.php?rest_route=\/wp\/v2\/posts\/705\/revisions\/784"}],"wp:attachment":[{"href":"https:\/\/lavigilanta.info\/index.php?rest_route=%2Fwp%2Fv2%2Fmedia&parent=705"}],"wp:term":[{"taxonomy":"category","embeddable":true,"href":"https:\/\/lavigilanta.info\/index.php?rest_route=%2Fwp%2Fv2%2Fcategories&post=705"},{"taxonomy":"post_tag","embeddable":true,"href":"https:\/\/lavigilanta.info\/index.php?rest_route=%2Fwp%2Fv2%2Ftags&post=705"}],"curies":[{"name":"wp","href":"https:\/\/api.w.org\/{rel}","templated":true}]}}