{"id":701,"date":"2008-07-30T12:21:55","date_gmt":"2008-07-30T10:21:55","guid":{"rendered":"http:\/\/lavigilanta.info\/wordpress\/?p=701"},"modified":"2008-07-30T12:21:55","modified_gmt":"2008-07-30T10:21:55","slug":"imprescindible-esta-europa-no","status":"publish","type":"post","link":"https:\/\/lavigilanta.info\/?p=701","title":{"rendered":"Imprescindible: Esta Europa no"},"content":{"rendered":"<figure id=\"attachment_703\" aria-describedby=\"caption-attachment-703\" style=\"width: 300px\" class=\"wp-caption alignnone\"><a href=\"https:\/\/lavigilanta.info\/wordpress\/wp-content\/uploads\/2008\/07\/estaeuropano600.png\"><img decoding=\"async\" loading=\"lazy\" class=\"size-medium wp-image-703\" title=\"estaeuropano600\" src=\"https:\/\/lavigilanta.info\/wordpress\/wp-content\/uploads\/2008\/07\/estaeuropano600-300x66.png\" alt=\"Esta Europa no\" width=\"300\" height=\"66\" srcset=\"https:\/\/lavigilanta.info\/wp-content\/uploads\/2008\/07\/estaeuropano600-300x66.png 300w, https:\/\/lavigilanta.info\/wp-content\/uploads\/2008\/07\/estaeuropano600.png 600w\" sizes=\"(max-width: 300px) 100vw, 300px\" \/><\/a><figcaption id=\"caption-attachment-703\" class=\"wp-caption-text\">Esta Europa no<\/figcaption><\/figure>\n<p>Estamos en una sociedad muy rara donde se supone que el pueblo, o <em>demos<\/em>, ostenta el poder, o <em>cracia<\/em>, mediante una cosa llamada <em>democracia<\/em>. Pero tambi\u00e9n somos una sociedad donde el pueblo se distrae f\u00e1cilmente mediante cosas tan mundanas como la Eurocopa o las vacaciones. Es por eso que unos se\u00f1ores llamados los oligarcas (es decir, un grupito peque\u00f1o de personas que en realidad ostentan ese poder supuestamente en manos del pueblo) aprovechan estas distracciones (y muchas m\u00e1s, pero lo del atontamiento veraniego es especialmente explotado) para tomar decisiones que pasen desapercibidas debido al atontamiento general.<\/p>\n<p>Esa estructura de poder llamada Uni\u00f3n Europea ha aprovechado este verano para aprobar dos medidas que en caso de conocerse en periodo de no-atontamiento podr\u00edan resultar cuando menos controvertidas: la extensi\u00f3n de la jornada laboral a 65 horas (para competir con las econom\u00edas emergentes, dicen) y las enmiendas-torpedo a Internet, una carta blanca para que los gobiernos traten a TODOS sus ciudadanos como terroristas intrometi\u00e9ndose en su intimidad como si de un caso de seguridad nacional se tratase, pero con el \u00fanico objetivo de que no te bajes las canciones de Alejandro Sanz con el eMule.<\/p>\n<p>Y todos tomando el sol, como si nada.<\/p>\n<p>Bueno, pues en ese contexto nace la plataforma <a href=\"http:\/\/estaeuropano.info\/\">Esta Europa No<\/a>, donde se\u00a0hace seguimiento de las actividades del Parlamento Europeo, la Comisi\u00f3n etc etc, que desafortunadamente no llegan a los medios de comunicaci\u00f3n, con la intenci\u00f3n obviamente de\u00a0ejercer una vigilancia tan necesitada sobre unos\u00a0pol\u00edticos que dicen ser nuestros representantes.<\/p>\n<p>Os invito a agregar este recurso en vuestro lector de feeds RSS favorito y que est\u00e9is al pendiente de sus novedades. Porque hay que estar atento&#8230;\u00a0no es justo que se tarden siglos en conseguir un derecho, y solamente un\u00a0verano en perderlo&#8230;<\/p>\n","protected":false},"excerpt":{"rendered":"<p>Estamos en una sociedad muy rara donde se supone que el pueblo, o demos, ostenta el poder, o cracia, mediante una cosa llamada democracia. Pero tambi\u00e9n somos una sociedad donde el pueblo se distrae f\u00e1cilmente mediante cosas tan mundanas como la Eurocopa o las vacaciones. Es por eso que unos se\u00f1ores llamados los oligarcas (es &hellip; <a href=\"https:\/\/lavigilanta.info\/?p=701\" class=\"more-link\">Seguir leyendo <span class=\"screen-reader-text\">Imprescindible: Esta Europa no<\/span> <span class=\"meta-nav\">&rarr;<\/span><\/a><\/p>\n","protected":false},"author":2,"featured_media":0,"comment_status":"open","ping_status":"open","sticky":false,"template":"","format":"standard","meta":[],"categories":[57],"tags":[],"_links":{"self":[{"href":"https:\/\/lavigilanta.info\/index.php?rest_route=\/wp\/v2\/posts\/701"}],"collection":[{"href":"https:\/\/lavigilanta.info\/index.php?rest_route=\/wp\/v2\/posts"}],"about":[{"href":"https:\/\/lavigilanta.info\/index.php?rest_route=\/wp\/v2\/types\/post"}],"author":[{"embeddable":true,"href":"https:\/\/lavigilanta.info\/index.php?rest_route=\/wp\/v2\/users\/2"}],"replies":[{"embeddable":true,"href":"https:\/\/lavigilanta.info\/index.php?rest_route=%2Fwp%2Fv2%2Fcomments&post=701"}],"version-history":[{"count":2,"href":"https:\/\/lavigilanta.info\/index.php?rest_route=\/wp\/v2\/posts\/701\/revisions"}],"predecessor-version":[{"id":704,"href":"https:\/\/lavigilanta.info\/index.php?rest_route=\/wp\/v2\/posts\/701\/revisions\/704"}],"wp:attachment":[{"href":"https:\/\/lavigilanta.info\/index.php?rest_route=%2Fwp%2Fv2%2Fmedia&parent=701"}],"wp:term":[{"taxonomy":"category","embeddable":true,"href":"https:\/\/lavigilanta.info\/index.php?rest_route=%2Fwp%2Fv2%2Fcategories&post=701"},{"taxonomy":"post_tag","embeddable":true,"href":"https:\/\/lavigilanta.info\/index.php?rest_route=%2Fwp%2Fv2%2Ftags&post=701"}],"curies":[{"name":"wp","href":"https:\/\/api.w.org\/{rel}","templated":true}]}}