{"id":67,"date":"2005-11-16T09:01:00","date_gmt":"2005-11-16T09:01:00","guid":{"rendered":"http:\/\/lavigilanta.info\/wordpress\/?p=67"},"modified":"2005-11-16T09:01:00","modified_gmt":"2005-11-16T09:01:00","slug":"cumbre-mundial-sobre-la-sociedad-de-la-informacion","status":"publish","type":"post","link":"https:\/\/lavigilanta.info\/?p=67","title":{"rendered":"Cumbre Mundial sobre la Sociedad de la Informaci\u00f3n"},"content":{"rendered":"<p>La cumbre en realidad comenz\u00f3 en el 2003 en Ginebra. Hoy la reanudan en T\u00fanez, en medio de protestas sobre la idoneidad (\u00bfc\u00f3mo se escribe?) de la ubicaci\u00f3n. Dicen desde Periodistas Sin Fronteras que T\u00fanez no tiene un registro maravilloso precisamente en la garantizaci\u00f3n de la libertad de expresi\u00f3n.<\/p>\n<p>Luego comentamos m\u00e1s: \u00bfQu\u00e9 conclusiones se alcanzaron en el 2003? \u00bfDe qu\u00e9 van a hablar ahora? \u00bfSer\u00e1n acuerdos vinulantes? Esto nos interesa a todos.<\/p>\n<p>El acceso directo al sitio web de la <a href=\"http:\/\/www.itu.int\/wsis\/index-es.html\">Cumbre Mundial S.I.<\/a><\/p>\n","protected":false},"excerpt":{"rendered":"<p>La cumbre en realidad comenz\u00f3 en el 2003 en Ginebra. Hoy la reanudan en T\u00fanez, en medio de protestas sobre la idoneidad (\u00bfc\u00f3mo se escribe?) de la ubicaci\u00f3n. Dicen desde Periodistas Sin Fronteras que T\u00fanez no tiene un registro maravilloso precisamente en la garantizaci\u00f3n de la libertad de expresi\u00f3n. Luego comentamos m\u00e1s: \u00bfQu\u00e9 conclusiones se &hellip; <a href=\"https:\/\/lavigilanta.info\/?p=67\" class=\"more-link\">Seguir leyendo <span class=\"screen-reader-text\">Cumbre Mundial sobre la Sociedad de la Informaci\u00f3n<\/span> <span class=\"meta-nav\">&rarr;<\/span><\/a><\/p>\n","protected":false},"author":2,"featured_media":0,"comment_status":"open","ping_status":"open","sticky":false,"template":"","format":"standard","meta":[],"categories":[1],"tags":[],"_links":{"self":[{"href":"https:\/\/lavigilanta.info\/index.php?rest_route=\/wp\/v2\/posts\/67"}],"collection":[{"href":"https:\/\/lavigilanta.info\/index.php?rest_route=\/wp\/v2\/posts"}],"about":[{"href":"https:\/\/lavigilanta.info\/index.php?rest_route=\/wp\/v2\/types\/post"}],"author":[{"embeddable":true,"href":"https:\/\/lavigilanta.info\/index.php?rest_route=\/wp\/v2\/users\/2"}],"replies":[{"embeddable":true,"href":"https:\/\/lavigilanta.info\/index.php?rest_route=%2Fwp%2Fv2%2Fcomments&post=67"}],"version-history":[{"count":0,"href":"https:\/\/lavigilanta.info\/index.php?rest_route=\/wp\/v2\/posts\/67\/revisions"}],"wp:attachment":[{"href":"https:\/\/lavigilanta.info\/index.php?rest_route=%2Fwp%2Fv2%2Fmedia&parent=67"}],"wp:term":[{"taxonomy":"category","embeddable":true,"href":"https:\/\/lavigilanta.info\/index.php?rest_route=%2Fwp%2Fv2%2Fcategories&post=67"},{"taxonomy":"post_tag","embeddable":true,"href":"https:\/\/lavigilanta.info\/index.php?rest_route=%2Fwp%2Fv2%2Ftags&post=67"}],"curies":[{"name":"wp","href":"https:\/\/api.w.org\/{rel}","templated":true}]}}