{"id":665,"date":"2008-07-08T15:55:19","date_gmt":"2008-07-08T13:55:19","guid":{"rendered":"http:\/\/lavigilanta.info\/wordpress\/?p=665"},"modified":"2008-08-19T16:51:43","modified_gmt":"2008-08-19T14:51:43","slug":"las-enmiendas-torpedo-contra-internet-de-la-eu-matan-a-la-sociedad-de-la-informacion","status":"publish","type":"post","link":"https:\/\/lavigilanta.info\/?p=665","title":{"rendered":"Las enmiendas-torpedo contra Internet de la EU matan a la Sociedad de la Informaci\u00f3n"},"content":{"rendered":"<p><a href=\"https:\/\/lavigilanta.info\/wordpress\/wp-content\/uploads\/2008\/07\/rip_copia_640x480.jpg\"><img decoding=\"async\" loading=\"lazy\" class=\"alignnone size-medium wp-image-666\" title=\"rip_copia_640x480\" src=\"https:\/\/lavigilanta.info\/wordpress\/wp-content\/uploads\/2008\/07\/rip_copia_640x480-300x169.jpg\" alt=\"RIP Sociedad de la Informaci\u00f3n\" width=\"300\" height=\"169\" srcset=\"https:\/\/lavigilanta.info\/wp-content\/uploads\/2008\/07\/rip_copia_640x480-300x169.jpg 300w, https:\/\/lavigilanta.info\/wp-content\/uploads\/2008\/07\/rip_copia_640x480.jpg 500w\" sizes=\"(max-width: 300px) 100vw, 300px\" \/><\/a><\/p>\n<p>Me da una gran tristeza tener que anunciar que ayer, siete de julio de 2008, falleci\u00f3 la Sociedad de la Informaci\u00f3n, v\u00edctima de un <a href=\"http:\/\/www.partidopirata.es\/wiki\/Noticias\/Los_europarlamentarios_aprueban_las_enmiendas-torpedo_contra_Internet\">torpedo lanzado por el Parlamento Europeo<\/a>.<\/p>\n<p>Estas enmiendas a la Directiva Europea de Comunicaciones (el torpedo) dan absoluto control a los <em>burr\u00f3cratas<\/em>, capaces incluso de retirar de por vida el acceso a Internet a los que se porten mal \u00abseg\u00fan la autoridad competente\u00bb.\u00a0En la Sociedad de la Informaci\u00f3n se supone que\u00a0Internet es una \u00abcommodity\u00bb (bien de\u00a0primera necesidad)\u00a0como el agua\u00a0o la electricidad.\u00a0\u00bf\u00bfOs imagin\u00e1is una\u00a0condena judicial\u00a0a que \u00abte corten el gas de por vida\u00bb??\u00a0(Y por favor, tomemos estas palabras en contexto. A alguien que pone una bomba en un tren o que le da 240 pu\u00f1aladas a un estudiante de microbiolog\u00eda en Londres, yo no le cortar\u00eda Internet, le cortar\u00eda otras cosas que duelen mucho\u00a0m\u00e1s)<\/p>\n<p>La excusa de hoy para tanta estupidez aprobada por europarlamentarios cuyo sueldo sale de mis (y tus) impuestos, es la dichosa \u00abpirater\u00eda\u00bb (su t\u00e9rmino, no el m\u00edo), pero lo que han aprobado les da las llaves para limitar \u00bfel intercambio de ideas inc\u00f3modas para ellos? \u00bfel intercambio de herramientas y conocimiento que no se ajuste al orden establecido? \u00bfCortar\u00e1n Internet\u00a0a todos los irlandeses\u00a0simplemente por haber tenido los huevos de no dejar que les metiesen la rechazada Constituci\u00f3n Europea,\u00a0tras simplemente haberle cambiado el nombre a\u00a0tratado de Lisboa, por detr\u00e1s y doblada?<\/p>\n<p>O m\u00e1s claramente para que veamos el doble uso de estas enmiendas a la directiva&#8230; si ahora yo me pongo a usar Internet para organizar una huelga paneuropea en contra de esa otra est\u00fapida ley que dice que ser\u00e1 legal que te hagan trabajar 65 horas semanales pag\u00e1ndote solamente 40, \u00bf\u00bfse pondr\u00e1n a buscarme canciones de Alejandro Sanz (\u00abla m\u00fasica se muere y necesito plata para mi colecci\u00f3n de\u00a0Mercedes-Benz\u00bb) en el log de actividad del eMule para cortarme Internet y as\u00ed \u00abdesactivarme\u00bb??<\/p>\n<p>Estoy cabreada.<\/p>\n<p>(imagen cortes\u00eda de <a href=\"http:\/\/arkano-nephilim.blogspot.com\/2008\/07\/el-fin-de-la-neutralidad-y-la-libertad.html\">Arkano Nephilim<\/a>)<\/p>\n","protected":false},"excerpt":{"rendered":"<p>Me da una gran tristeza tener que anunciar que ayer, siete de julio de 2008, falleci\u00f3 la Sociedad de la Informaci\u00f3n, v\u00edctima de un torpedo lanzado por el Parlamento Europeo. Estas enmiendas a la Directiva Europea de Comunicaciones (el torpedo) dan absoluto control a los burr\u00f3cratas, capaces incluso de retirar de por vida el acceso &hellip; <a href=\"https:\/\/lavigilanta.info\/?p=665\" class=\"more-link\">Seguir leyendo <span class=\"screen-reader-text\">Las enmiendas-torpedo contra Internet de la EU matan a la Sociedad de la Informaci\u00f3n<\/span> <span class=\"meta-nav\">&rarr;<\/span><\/a><\/p>\n","protected":false},"author":2,"featured_media":0,"comment_status":"open","ping_status":"open","sticky":false,"template":"","format":"standard","meta":[],"categories":[29,36,57,134],"tags":[],"_links":{"self":[{"href":"https:\/\/lavigilanta.info\/index.php?rest_route=\/wp\/v2\/posts\/665"}],"collection":[{"href":"https:\/\/lavigilanta.info\/index.php?rest_route=\/wp\/v2\/posts"}],"about":[{"href":"https:\/\/lavigilanta.info\/index.php?rest_route=\/wp\/v2\/types\/post"}],"author":[{"embeddable":true,"href":"https:\/\/lavigilanta.info\/index.php?rest_route=\/wp\/v2\/users\/2"}],"replies":[{"embeddable":true,"href":"https:\/\/lavigilanta.info\/index.php?rest_route=%2Fwp%2Fv2%2Fcomments&post=665"}],"version-history":[{"count":1,"href":"https:\/\/lavigilanta.info\/index.php?rest_route=\/wp\/v2\/posts\/665\/revisions"}],"predecessor-version":[{"id":797,"href":"https:\/\/lavigilanta.info\/index.php?rest_route=\/wp\/v2\/posts\/665\/revisions\/797"}],"wp:attachment":[{"href":"https:\/\/lavigilanta.info\/index.php?rest_route=%2Fwp%2Fv2%2Fmedia&parent=665"}],"wp:term":[{"taxonomy":"category","embeddable":true,"href":"https:\/\/lavigilanta.info\/index.php?rest_route=%2Fwp%2Fv2%2Fcategories&post=665"},{"taxonomy":"post_tag","embeddable":true,"href":"https:\/\/lavigilanta.info\/index.php?rest_route=%2Fwp%2Fv2%2Ftags&post=665"}],"curies":[{"name":"wp","href":"https:\/\/api.w.org\/{rel}","templated":true}]}}