{"id":664,"date":"2008-07-08T15:37:41","date_gmt":"2008-07-08T13:37:41","guid":{"rendered":"http:\/\/lavigilanta.info\/wordpress\/?p=664"},"modified":"2008-07-08T15:37:41","modified_gmt":"2008-07-08T13:37:41","slug":"el-canon-digital-bajo-el-microscopio-del-abogado-del-suplemento-de-internet-de-el-mundo","status":"publish","type":"post","link":"https:\/\/lavigilanta.info\/?p=664","title":{"rendered":"El canon digital, bajo el microscopio del abogado del suplemento de Internet de El Mundo"},"content":{"rendered":"<p>Recomiendo la lectura de este <a href=\"http:\/\/www.elmundo.es\/navegante\/2008\/07\/08\/tecnologia\/1215505700.html\">art\u00edculo<\/a> de \u00abEl Navegante\u00bb, el suplemento sobre Internet de El Mundo.<\/p>\n<p>Es una mezcla entre ver el asunto bajo el microscopio legal y con una bola de cristal, ya que tanto nos detalla los pormenores del mismo, como avanza las denuncias que diversos colectivos van a presentar.<\/p>\n<p>El final del art\u00edculo es apote\u00f3sico, fino, ir\u00f3nico y demoledor. No os lo perd\u00e1is.<\/p>\n<p>Para m\u00ed, aprobar este engendro es la \u00abcagada\u00bb m\u00e1s est\u00fapida del gobierno (la cagada m\u00e1s importante fue no hacer absolutamente nada por \u00abpinchar\u00bb la burbuja inmobiliaria justo cuando\u00a0empez\u00f3 a\u00a0estar claro que la cosa\u00a0se descontrolaba, pero claro, hab\u00eda elecciones por el medio \u00bf\u00bfy qui\u00e9n quiere ser el malo??). No me cabe en la cabeza que lo hayan hecho as\u00ed (lo del canon y lo de no poner freno a la especulaci\u00f3n y a los trapicheos de los bancos).<\/p>\n","protected":false},"excerpt":{"rendered":"<p>Recomiendo la lectura de este art\u00edculo de \u00abEl Navegante\u00bb, el suplemento sobre Internet de El Mundo. Es una mezcla entre ver el asunto bajo el microscopio legal y con una bola de cristal, ya que tanto nos detalla los pormenores del mismo, como avanza las denuncias que diversos colectivos van a presentar. El final del &hellip; <a href=\"https:\/\/lavigilanta.info\/?p=664\" class=\"more-link\">Seguir leyendo <span class=\"screen-reader-text\">El canon digital, bajo el microscopio del abogado del suplemento de Internet de El Mundo<\/span> <span class=\"meta-nav\">&rarr;<\/span><\/a><\/p>\n","protected":false},"author":2,"featured_media":0,"comment_status":"open","ping_status":"open","sticky":false,"template":"","format":"standard","meta":[],"categories":[26],"tags":[],"_links":{"self":[{"href":"https:\/\/lavigilanta.info\/index.php?rest_route=\/wp\/v2\/posts\/664"}],"collection":[{"href":"https:\/\/lavigilanta.info\/index.php?rest_route=\/wp\/v2\/posts"}],"about":[{"href":"https:\/\/lavigilanta.info\/index.php?rest_route=\/wp\/v2\/types\/post"}],"author":[{"embeddable":true,"href":"https:\/\/lavigilanta.info\/index.php?rest_route=\/wp\/v2\/users\/2"}],"replies":[{"embeddable":true,"href":"https:\/\/lavigilanta.info\/index.php?rest_route=%2Fwp%2Fv2%2Fcomments&post=664"}],"version-history":[{"count":0,"href":"https:\/\/lavigilanta.info\/index.php?rest_route=\/wp\/v2\/posts\/664\/revisions"}],"wp:attachment":[{"href":"https:\/\/lavigilanta.info\/index.php?rest_route=%2Fwp%2Fv2%2Fmedia&parent=664"}],"wp:term":[{"taxonomy":"category","embeddable":true,"href":"https:\/\/lavigilanta.info\/index.php?rest_route=%2Fwp%2Fv2%2Fcategories&post=664"},{"taxonomy":"post_tag","embeddable":true,"href":"https:\/\/lavigilanta.info\/index.php?rest_route=%2Fwp%2Fv2%2Ftags&post=664"}],"curies":[{"name":"wp","href":"https:\/\/api.w.org\/{rel}","templated":true}]}}