{"id":658,"date":"2008-07-01T15:31:15","date_gmt":"2008-07-01T13:31:15","guid":{"rendered":"http:\/\/lavigilanta.info\/wordpress\/?p=658"},"modified":"2008-07-01T15:31:15","modified_gmt":"2008-07-01T13:31:15","slug":"uk-al-fin-el-debate-que-se-necesitaba-sobre-los-recortes-de-libertades-civiles-pero-no-como-nos-hubiese-gustado","status":"publish","type":"post","link":"https:\/\/lavigilanta.info\/?p=658","title":{"rendered":"UK: Al fin el debate que se necesitaba sobre los recortes de libertades civiles&#8230; pero no como nos hubiese gustado"},"content":{"rendered":"<p>Quiz\u00e1s hay\u00e1is leido en prensa que el Reino Unido recientemente aprob\u00f3 legislaci\u00f3n para ampliar a 42 d\u00edas (seis semanas) el periodo que una persona puede estar detenida sin cargos. Supuestamente para ayudar a las autoridades en la lucha antiterrorista.<\/p>\n<p>Pues bien, ese mismo d\u00eda, el parlamentario del partido conservador que hace las funciones de ministro del interior en la sombra, David Davies, mont\u00f3 un \u00abpollo\u00bb considerable al dimitir como parlamentario en protesta por esa medida.<\/p>\n<p>Y se puso a hablar duramente\u00a0del recorte de libertades que est\u00e1n sufriendo los brit\u00e1nicos desde que Tony Blair lleg\u00f3 al poder.<\/p>\n<p>Es inaudito desde la perspectiva espa\u00f1ola: un derechista criticando: las c\u00e1maras de videovigilancia totalmente fuera de control, \u00a1\u00a1\u00a1\u00a1la base de datos de ADN!!!!, el proyecto de carnet de identidad brit\u00e1nico y la base de datos de ciudadanos&#8230; todas esas acciones de Tony Blair que tanto nos gustaban a los lectores de La Vigi.<\/p>\n<p>Es como el mundo al rev\u00e9s: todos los peri\u00f3dicos de centro-izquierda le saltaron a la yugular, pero no como una esperar\u00eda (acus\u00e1ndolo de oportunista y de buscar darse publicidad cuando en realidad las libertades civiles le importan un pimiento), sino <a href=\"http:\/\/www.independent.co.uk\/opinion\/commentators\/janet-street-porter\/editoratlarge-david-davis-is-the-new-voice-of-the-people-847466.html\">invitando a comentar el asunto a personas que han sufrido ataques y violaciones<\/a>, y exclamando desde esas p\u00e1ginas la exigencia de que \u00a1la base de datos de ADN se extienda a toda la poblaci\u00f3n, ya!<\/p>\n<p>Desde luego que el punto de vista de una v\u00edctima es absolutamente v\u00e1lido, pero es curioso que los peri\u00f3dicos anti-conservadores\u00a0hayan decidido una manera tan burda de atacar a David Davies.<\/p>\n<p>Aqu\u00ed ten\u00e9is el link al <a href=\"http:\/\/news.bbc.co.uk\/1\/hi\/uk\/7451552.stm\">resumen de ideas de David Davies en la BBC<\/a>.<\/p>\n","protected":false},"excerpt":{"rendered":"<p>Quiz\u00e1s hay\u00e1is leido en prensa que el Reino Unido recientemente aprob\u00f3 legislaci\u00f3n para ampliar a 42 d\u00edas (seis semanas) el periodo que una persona puede estar detenida sin cargos. Supuestamente para ayudar a las autoridades en la lucha antiterrorista. Pues bien, ese mismo d\u00eda, el parlamentario del partido conservador que hace las funciones de ministro &hellip; <a href=\"https:\/\/lavigilanta.info\/?p=658\" class=\"more-link\">Seguir leyendo <span class=\"screen-reader-text\">UK: Al fin el debate que se necesitaba sobre los recortes de libertades civiles&#8230; pero no como nos hubiese gustado<\/span> <span class=\"meta-nav\">&rarr;<\/span><\/a><\/p>\n","protected":false},"author":2,"featured_media":0,"comment_status":"open","ping_status":"open","sticky":false,"template":"","format":"standard","meta":[],"categories":[150],"tags":[],"_links":{"self":[{"href":"https:\/\/lavigilanta.info\/index.php?rest_route=\/wp\/v2\/posts\/658"}],"collection":[{"href":"https:\/\/lavigilanta.info\/index.php?rest_route=\/wp\/v2\/posts"}],"about":[{"href":"https:\/\/lavigilanta.info\/index.php?rest_route=\/wp\/v2\/types\/post"}],"author":[{"embeddable":true,"href":"https:\/\/lavigilanta.info\/index.php?rest_route=\/wp\/v2\/users\/2"}],"replies":[{"embeddable":true,"href":"https:\/\/lavigilanta.info\/index.php?rest_route=%2Fwp%2Fv2%2Fcomments&post=658"}],"version-history":[{"count":0,"href":"https:\/\/lavigilanta.info\/index.php?rest_route=\/wp\/v2\/posts\/658\/revisions"}],"wp:attachment":[{"href":"https:\/\/lavigilanta.info\/index.php?rest_route=%2Fwp%2Fv2%2Fmedia&parent=658"}],"wp:term":[{"taxonomy":"category","embeddable":true,"href":"https:\/\/lavigilanta.info\/index.php?rest_route=%2Fwp%2Fv2%2Fcategories&post=658"},{"taxonomy":"post_tag","embeddable":true,"href":"https:\/\/lavigilanta.info\/index.php?rest_route=%2Fwp%2Fv2%2Ftags&post=658"}],"curies":[{"name":"wp","href":"https:\/\/api.w.org\/{rel}","templated":true}]}}