{"id":653,"date":"2008-06-19T16:07:24","date_gmt":"2008-06-19T14:07:24","guid":{"rendered":"http:\/\/lavigilanta.info\/wordpress\/?p=653"},"modified":"2008-06-19T16:07:24","modified_gmt":"2008-06-19T14:07:24","slug":"al-fin-%c2%bf-llego-el-canon-digital","status":"publish","type":"post","link":"https:\/\/lavigilanta.info\/?p=653","title":{"rendered":"Al fin (\u00bf?) lleg\u00f3 el canon digital"},"content":{"rendered":"<p>Lo leemos en <a href=\"http:\/\/www.elmundo.es\/navegante\/2008\/06\/19\/tecnologia\/1213871416.html\">El Mundo<\/a>.\u00a0Pasaron las elecciones, el gobierno est\u00e1 formado, y el canon\u00a0aprobado.<\/p>\n<p>12 euros\u00a0de incremento en el precio\u00a0de un ordenador por la patilla, solo por tener un disco duro, te bajes cosas de la mula o no, hagas copias de seguridad o no. Cinco a\u00f1os de debate, y el gobierno no ha dado ni un paso para aclarar lo que de verdad podr\u00eda hacer que la gente aceptase el canon:<\/p>\n<p>1. Si no pongo material\u00a0cubierto por la SGAE en mi disco duro o tel\u00e9fono o PDA o llave USB, \u00bfcu\u00e1l es el mecanismo para que me devuelvan el dinero?<\/p>\n<p>2. \u00bfDe qu\u00e9 manera se va a entregar la parte correspondiente de esos sesenta c\u00e9ntimos o doce euros al autor cuya obra se est\u00e9 almacenando en el medio digital gravado con el c\u00e1non?\u00a0<\/p>\n<p>Una verg\u00fcenza, de verdad. Por si no hab\u00eda ya gente que se iba fuera a comprarse la electr\u00f3nica, pues ahora m\u00e1s todav\u00eda.<\/p>\n<p><strong>Menudo impulso a las empresas de electr\u00f3nica del pa\u00eds. Menudo impulso a la sociedad de la informaci\u00f3n que est\u00e1 dando el gobierno.<\/strong><\/p>\n","protected":false},"excerpt":{"rendered":"<p>Lo leemos en El Mundo.\u00a0Pasaron las elecciones, el gobierno est\u00e1 formado, y el canon\u00a0aprobado. 12 euros\u00a0de incremento en el precio\u00a0de un ordenador por la patilla, solo por tener un disco duro, te bajes cosas de la mula o no, hagas copias de seguridad o no. Cinco a\u00f1os de debate, y el gobierno no ha dado &hellip; <a href=\"https:\/\/lavigilanta.info\/?p=653\" class=\"more-link\">Seguir leyendo <span class=\"screen-reader-text\">Al fin (\u00bf?) lleg\u00f3 el canon digital<\/span> <span class=\"meta-nav\">&rarr;<\/span><\/a><\/p>\n","protected":false},"author":2,"featured_media":0,"comment_status":"open","ping_status":"open","sticky":false,"template":"","format":"standard","meta":[],"categories":[26],"tags":[],"_links":{"self":[{"href":"https:\/\/lavigilanta.info\/index.php?rest_route=\/wp\/v2\/posts\/653"}],"collection":[{"href":"https:\/\/lavigilanta.info\/index.php?rest_route=\/wp\/v2\/posts"}],"about":[{"href":"https:\/\/lavigilanta.info\/index.php?rest_route=\/wp\/v2\/types\/post"}],"author":[{"embeddable":true,"href":"https:\/\/lavigilanta.info\/index.php?rest_route=\/wp\/v2\/users\/2"}],"replies":[{"embeddable":true,"href":"https:\/\/lavigilanta.info\/index.php?rest_route=%2Fwp%2Fv2%2Fcomments&post=653"}],"version-history":[{"count":0,"href":"https:\/\/lavigilanta.info\/index.php?rest_route=\/wp\/v2\/posts\/653\/revisions"}],"wp:attachment":[{"href":"https:\/\/lavigilanta.info\/index.php?rest_route=%2Fwp%2Fv2%2Fmedia&parent=653"}],"wp:term":[{"taxonomy":"category","embeddable":true,"href":"https:\/\/lavigilanta.info\/index.php?rest_route=%2Fwp%2Fv2%2Fcategories&post=653"},{"taxonomy":"post_tag","embeddable":true,"href":"https:\/\/lavigilanta.info\/index.php?rest_route=%2Fwp%2Fv2%2Ftags&post=653"}],"curies":[{"name":"wp","href":"https:\/\/api.w.org\/{rel}","templated":true}]}}