{"id":649,"date":"2008-06-16T15:40:51","date_gmt":"2008-06-16T13:40:51","guid":{"rendered":"http:\/\/lavigilanta.info\/wordpress\/?p=649"},"modified":"2008-08-19T17:16:38","modified_gmt":"2008-08-19T15:16:38","slug":"alucino-%c2%bfalguien-se-sorprende-de-lo-de-irlanda","status":"publish","type":"post","link":"https:\/\/lavigilanta.info\/?p=649","title":{"rendered":"Alucino. \u00bfAlguien se sorprende de lo de Irlanda?"},"content":{"rendered":"<p>Estar lejos a veces aclara las ideas. Al volver de Jap\u00f3n me topo con dos noticias casi consecutivas.<\/p>\n<p>1. La UE propone aumentar la jornada laboral a 65 horas, volviendo as\u00ed a unos niveles de explotaci\u00f3n laboral que se consideraban ilegales desde 1908.<\/p>\n<p>2. Irlanda rechaza en refer\u00e9ndum el tratado de Lisboa, o la versi\u00f3n \u00abdebajo de la mesa\u00bb de la constituci\u00f3n europea que ya\u00a0fracas\u00f3 en refer\u00e9ndum en Francia y los Pa\u00edses Bajos hace \u00bfun par de a\u00f1os?<\/p>\n<p>La conclusi\u00f3n: en prensa dicen que Irlanda pone contra las cuerdas a la Uni\u00f3n Europea.<\/p>\n<p>Mi conclusi\u00f3n: \u00bfqui\u00e9n en su sano juicio votar\u00eda a favor de un gobierno supranacional europeo que acaba de proponer el punto 1 descrito arriba?<\/p>\n<p>Todo esto simplemente demuestra que <strong>los irlandeses tienen sentido com\u00fan<\/strong>.<\/p>\n","protected":false},"excerpt":{"rendered":"<p>Estar lejos a veces aclara las ideas. Al volver de Jap\u00f3n me topo con dos noticias casi consecutivas. 1. La UE propone aumentar la jornada laboral a 65 horas, volviendo as\u00ed a unos niveles de explotaci\u00f3n laboral que se consideraban ilegales desde 1908. 2. Irlanda rechaza en refer\u00e9ndum el tratado de Lisboa, o la versi\u00f3n &hellip; <a href=\"https:\/\/lavigilanta.info\/?p=649\" class=\"more-link\">Seguir leyendo <span class=\"screen-reader-text\">Alucino. \u00bfAlguien se sorprende de lo de Irlanda?<\/span> <span class=\"meta-nav\">&rarr;<\/span><\/a><\/p>\n","protected":false},"author":2,"featured_media":0,"comment_status":"open","ping_status":"open","sticky":false,"template":"","format":"standard","meta":[],"categories":[57],"tags":[],"_links":{"self":[{"href":"https:\/\/lavigilanta.info\/index.php?rest_route=\/wp\/v2\/posts\/649"}],"collection":[{"href":"https:\/\/lavigilanta.info\/index.php?rest_route=\/wp\/v2\/posts"}],"about":[{"href":"https:\/\/lavigilanta.info\/index.php?rest_route=\/wp\/v2\/types\/post"}],"author":[{"embeddable":true,"href":"https:\/\/lavigilanta.info\/index.php?rest_route=\/wp\/v2\/users\/2"}],"replies":[{"embeddable":true,"href":"https:\/\/lavigilanta.info\/index.php?rest_route=%2Fwp%2Fv2%2Fcomments&post=649"}],"version-history":[{"count":1,"href":"https:\/\/lavigilanta.info\/index.php?rest_route=\/wp\/v2\/posts\/649\/revisions"}],"predecessor-version":[{"id":800,"href":"https:\/\/lavigilanta.info\/index.php?rest_route=\/wp\/v2\/posts\/649\/revisions\/800"}],"wp:attachment":[{"href":"https:\/\/lavigilanta.info\/index.php?rest_route=%2Fwp%2Fv2%2Fmedia&parent=649"}],"wp:term":[{"taxonomy":"category","embeddable":true,"href":"https:\/\/lavigilanta.info\/index.php?rest_route=%2Fwp%2Fv2%2Fcategories&post=649"},{"taxonomy":"post_tag","embeddable":true,"href":"https:\/\/lavigilanta.info\/index.php?rest_route=%2Fwp%2Fv2%2Ftags&post=649"}],"curies":[{"name":"wp","href":"https:\/\/api.w.org\/{rel}","templated":true}]}}