{"id":64,"date":"2005-11-03T15:09:00","date_gmt":"2005-11-03T15:09:00","guid":{"rendered":"http:\/\/lavigilanta.info\/wordpress\/?p=64"},"modified":"2005-11-03T15:09:00","modified_gmt":"2005-11-03T15:09:00","slug":"ayer-los-alemanes-estrenaron-pasaporte-biometrico","status":"publish","type":"post","link":"https:\/\/lavigilanta.info\/?p=64","title":{"rendered":"Ayer los alemanes estrenaron pasaporte biom\u00e9trico"},"content":{"rendered":"<p>Pues eso&#8230; que ayer fue el d\u00eda de la puesta de largo del pasaporte biom\u00e9trico en Alemania.<\/p>\n<p>Via <a href=\"http:\/\/http:\/\/www.dw-world.de\/dw\/article\/0,2144,1762338,00.html\">Deutsche Welle<\/a><\/p>\n","protected":false},"excerpt":{"rendered":"<p>Pues eso&#8230; que ayer fue el d\u00eda de la puesta de largo del pasaporte biom\u00e9trico en Alemania. Via Deutsche Welle<\/p>\n","protected":false},"author":2,"featured_media":0,"comment_status":"open","ping_status":"open","sticky":false,"template":"","format":"standard","meta":[],"categories":[1],"tags":[],"_links":{"self":[{"href":"https:\/\/lavigilanta.info\/index.php?rest_route=\/wp\/v2\/posts\/64"}],"collection":[{"href":"https:\/\/lavigilanta.info\/index.php?rest_route=\/wp\/v2\/posts"}],"about":[{"href":"https:\/\/lavigilanta.info\/index.php?rest_route=\/wp\/v2\/types\/post"}],"author":[{"embeddable":true,"href":"https:\/\/lavigilanta.info\/index.php?rest_route=\/wp\/v2\/users\/2"}],"replies":[{"embeddable":true,"href":"https:\/\/lavigilanta.info\/index.php?rest_route=%2Fwp%2Fv2%2Fcomments&post=64"}],"version-history":[{"count":0,"href":"https:\/\/lavigilanta.info\/index.php?rest_route=\/wp\/v2\/posts\/64\/revisions"}],"wp:attachment":[{"href":"https:\/\/lavigilanta.info\/index.php?rest_route=%2Fwp%2Fv2%2Fmedia&parent=64"}],"wp:term":[{"taxonomy":"category","embeddable":true,"href":"https:\/\/lavigilanta.info\/index.php?rest_route=%2Fwp%2Fv2%2Fcategories&post=64"},{"taxonomy":"post_tag","embeddable":true,"href":"https:\/\/lavigilanta.info\/index.php?rest_route=%2Fwp%2Fv2%2Ftags&post=64"}],"curies":[{"name":"wp","href":"https:\/\/api.w.org\/{rel}","templated":true}]}}