{"id":635,"date":"2008-05-06T20:00:59","date_gmt":"2008-05-06T18:00:59","guid":{"rendered":"http:\/\/lavigilanta.info\/wordpress\/?p=635"},"modified":"2008-05-06T20:00:59","modified_gmt":"2008-05-06T18:00:59","slug":"piensa-en-un-elefante-azul-y-acertaras","status":"publish","type":"post","link":"https:\/\/lavigilanta.info\/?p=635","title":{"rendered":"Piensa en un elefante azul y acertar\u00e1s"},"content":{"rendered":"<p>Durante el puente le\u00ed esta noticia en<a href=\"http:\/\/www.lavanguardia.es\/premium\/publica\/publica?COMPID=53460327545&amp;ID_PAGINA=22088&amp;ID_FORMATO=9&amp;turbourl=false\"> La Vanguardia<\/a> y, como no pod\u00eda ser menos, me indign\u00e9 un poco.<\/p>\n<p>Leemos que \u00abEstados Unidos, l\u00edder mundial en investigaci\u00f3n gen\u00e9tica, ha dado un paso decisivo para evitar que sus ciudadanos puedan ser discriminados o sufrir desventajas seg\u00fan los an\u00e1lisis de sus genes. La nueva ley aprobada por el Congreso, despu\u00e9s de un debate que se ha prolongado durante 13 a\u00f1os, es considerada el primer gran avance en el terreno de los derechos civiles en el siglo XXI.\u00bb Adem\u00e1s dicen: \u00abSu relevancia \u00e9tica est\u00e1 a la altura de las normas aprobadas hace 40 a\u00f1os para acabar con la discriminaci\u00f3n social y pol\u00edtica de la minor\u00eda negra.\u00bb<\/p>\n<p>A ver, leamos con atenci\u00f3n. Nos est\u00e1n diciendo que es un grand\u00edsimo avance en los derechos civiles y que es de gran relevancia \u00e9tica. Qu\u00e9 buenos que son, piensa una. Pero luego el cerebro vuelve atr\u00e1s y destaca este dato:<strong> \u00a1les ha costado 13 a\u00f1os llegar a la conclusi\u00f3n de que discriminar en raz\u00f3n al c\u00f3digo gen\u00e9tico de una persona es deleznable! <\/strong>Otro bonito caso de manipulaci\u00f3n de la opini\u00f3n p\u00fablica, con todas las letras.<\/p>\n<p>El paralelismo con la situaci\u00f3n de discriminaci\u00f3n racial ofcialmente abolida en Estados Unidos apenas a mediados del siglo pasado es tambi\u00e9n est\u00fapido. Porque si t\u00fa hubieses preguntado a un ciudadano estadonidense blanco de manera aleatoria qu\u00e9 pensaba de su vecino negro, lo m\u00e1s probable es que no dijera cosas m\u00e1s bonitas. <strong>\u00a1Si hasta la abuela blanca de Barack Obama le soltaba \u00abperlas\u00bb racistas a su nietecito, hijo de keniata!<\/strong> Con esto lo \u00fanico que quiero decir es que hab\u00eda que tener narices para aprobar esa legislaci\u00f3n tan obviamente justa pero a la vez tan pol\u00e9mica en aquella \u00e9poca.<\/p>\n<p>Comparemos ahora con el caso actual de <strong>discriminar seg\u00fan las taras gen\u00e9tica<\/strong>s de cada uno.<strong> \u00a1Es que no hay persona (en su sano juicio) a quien esto no le parezca aberrante!<\/strong> Es por esto que afirmo que aprobar legislaci\u00f3n (\u00fanica en el mundo, eso s\u00ed) que prohibe semejante discriminaci\u00f3n gen\u00e9tica no es un acto valiente, ni controvertido, ni pol\u00e9mico: es que se cae por su propio peso. Por eso al leer la noticia con cuidado, en lugar de causarnos admiraci\u00f3n,<strong> nos deber\u00eda causar verg\u00fcenza que lleven 13 a\u00f1os discutiendo. Me pregunto yo&#8230; \u00bfdiscutiendo con qui\u00e9n? \u00bfqui\u00e9n estaba a favor de lo contrario? <\/strong>De verdad me gustar\u00eda saberlo.<\/p>\n<p>\u00bfSab\u00e9is esa frase tan simp\u00e1tica que dice que es imposible no pensar en un elefante azul? Pues me viene a la cabeza. El mero hecho de mencionar el elefante azul (y prohibirlo) denota que hay alguien que se est\u00e1 planteando un elefante azul.<\/p>\n<p>\u00bfAlguien tiene una escopeta de caza?<\/p>\n","protected":false},"excerpt":{"rendered":"<p>Durante el puente le\u00ed esta noticia en La Vanguardia y, como no pod\u00eda ser menos, me indign\u00e9 un poco. Leemos que \u00abEstados Unidos, l\u00edder mundial en investigaci\u00f3n gen\u00e9tica, ha dado un paso decisivo para evitar que sus ciudadanos puedan ser discriminados o sufrir desventajas seg\u00fan los an\u00e1lisis de sus genes. La nueva ley aprobada por &hellip; <a href=\"https:\/\/lavigilanta.info\/?p=635\" class=\"more-link\">Seguir leyendo <span class=\"screen-reader-text\">Piensa en un elefante azul y acertar\u00e1s<\/span> <span class=\"meta-nav\">&rarr;<\/span><\/a><\/p>\n","protected":false},"author":2,"featured_media":0,"comment_status":"open","ping_status":"open","sticky":false,"template":"","format":"standard","meta":[],"categories":[44],"tags":[],"_links":{"self":[{"href":"https:\/\/lavigilanta.info\/index.php?rest_route=\/wp\/v2\/posts\/635"}],"collection":[{"href":"https:\/\/lavigilanta.info\/index.php?rest_route=\/wp\/v2\/posts"}],"about":[{"href":"https:\/\/lavigilanta.info\/index.php?rest_route=\/wp\/v2\/types\/post"}],"author":[{"embeddable":true,"href":"https:\/\/lavigilanta.info\/index.php?rest_route=\/wp\/v2\/users\/2"}],"replies":[{"embeddable":true,"href":"https:\/\/lavigilanta.info\/index.php?rest_route=%2Fwp%2Fv2%2Fcomments&post=635"}],"version-history":[{"count":0,"href":"https:\/\/lavigilanta.info\/index.php?rest_route=\/wp\/v2\/posts\/635\/revisions"}],"wp:attachment":[{"href":"https:\/\/lavigilanta.info\/index.php?rest_route=%2Fwp%2Fv2%2Fmedia&parent=635"}],"wp:term":[{"taxonomy":"category","embeddable":true,"href":"https:\/\/lavigilanta.info\/index.php?rest_route=%2Fwp%2Fv2%2Fcategories&post=635"},{"taxonomy":"post_tag","embeddable":true,"href":"https:\/\/lavigilanta.info\/index.php?rest_route=%2Fwp%2Fv2%2Ftags&post=635"}],"curies":[{"name":"wp","href":"https:\/\/api.w.org\/{rel}","templated":true}]}}