{"id":596,"date":"2008-03-17T10:51:59","date_gmt":"2008-03-17T17:51:59","guid":{"rendered":"http:\/\/lavigilanta.info\/wordpress\/?p=596"},"modified":"2008-03-17T10:57:41","modified_gmt":"2008-03-17T17:57:41","slug":"retroinformatica-buscando-vocaciones","status":"publish","type":"post","link":"https:\/\/lavigilanta.info\/?p=596","title":{"rendered":"Retroinform\u00e1tica: buscando vocaciones"},"content":{"rendered":"<p>Paseando por el centro comercial \u00abL&#8217;Illa\u00bb me encontr\u00e9 con una muy interesante exposici\u00f3n de \u00abretroinform\u00e1tica\u00bb organizada por la Facultad de Inform\u00e1tica de Barcelona de la UPC (la FIB para los amigos). Un buen paseo por la historia de esta disciplina que va desde el \u00e1baco hasta el \u00faltimo Mac Book Air (nooooo, que esa vitrina no es de la exposici\u00f3n, \u00a1\u00a1es de la tienda de al lado!!). Resulta muy recomendable ver todos esos dispositivos, ver v\u00e1lvulas de vac\u00edo junto a los wafers (obleas) de silicio m\u00e1s miniaturizados. Ver calculadoras con punz\u00f3n de principio de siglo, ver la placa base del 8088, la del 8086, y as\u00ed hasta el \u00faltimo QuadCore, y tambi\u00e9n comprobar en las especificaciones que ese pedazo de ZX Spectrum no le llega ni a la suela del zapato al m\u00f3vil 3G que llevo en el bolsillo. Tambi\u00e9n fue muy curioso descubir a ex alumnos de la FIB. No hab\u00eda m\u00e1s que aguzar el o\u00eddo y observar a todos aquellos que tras gritar \u00ab\u00a1\u00a1Jodeeer!! \u00a1\u00a1El ISIS!!\u00bb Se abrazaban a algo con aspecto de armario ropero que en realidad era un VAX (nota: yo tambi\u00e9n abrac\u00e9 a ISIS, yo tambi\u00e9n pregunt\u00e9 por OSIRIS).<\/p>\n<p>Luego me encontr\u00e9 con un papelito que de primera vista parec\u00eda un anuncio de empleo de los que se cuelgan en los tablones (o en las farolas)<\/p>\n<p><a href=\"https:\/\/lavigilanta.info\/wordpress\/wp-content\/uploads\/2008\/03\/anuncio-delante-2.jpeg\" title=\"por delante\"><img decoding=\"async\" src=\"https:\/\/lavigilanta.info\/wordpress\/wp-content\/uploads\/2008\/03\/anuncio-delante-2.jpeg\" alt=\"por delante\" \/><\/a><\/p>\n<p>No creo que requiera traducci\u00f3n: \u00abempresa pionera de las nuevas tecnolog\u00edas necesita ingenieros\/as en inform\u00e1tica con el siguiente perfil\u2026\u00bb y para finalizar: \u00ab\u00bfsab\u00edas que la sociedad requiere m\u00e1s ingenieros en inform\u00e1tica de los que se titulan? \u00bfSab\u00edas que no hay desempleo en el sector? \u00bfSab\u00edas que los egresados de la FIB se titulan apenas dos meses despu\u00e9s de haberse titulado?\u00bb<\/p>\n<p>La parte trasera del folleto es apote\u00f3sica:<br \/>\n<a href=\"https:\/\/lavigilanta.info\/wordpress\/wp-content\/uploads\/2008\/03\/anuncio-detras-2.jpeg\" title=\"detras\"><img decoding=\"async\" src=\"https:\/\/lavigilanta.info\/wordpress\/wp-content\/uploads\/2008\/03\/anuncio-detras-2.jpeg\" alt=\"detras\" \/><\/a><\/p>\n<p>\u00abSi quieres ser ingeniero\/a en inform\u00e1tica. Si quieres trabajar en empresas del sector TIC. Si quieres participar en la mejora de los procesos de las empresas y de la sociedad. Si quieres continuar creando y liderando el futuro\u2026 \u00a1LA FIB ES TU FACULTAD!\u00bb<\/p>\n<p>\u00bf\u00bfTan mal est\u00e1n las \u00abvocaciones\u00bb para que tengan que acudir a semejantes t\u00e1cticas de captaci\u00f3n??<\/p>\n<p>Yo desde luego tengo mi opini\u00f3n al respecto. <strong>Continuar\u00e1&#8230;<\/strong><\/p>\n<p>Exposici\u00f3n Retroinform\u00e1tica de la FIB, hasta el 29 de marzo en L&#8217;Illa: <a href=\"http:\/\/www.fib.upc.edu\/retroinformatica\">http:\/\/www.fib.upc.edu\/retroinformatica<\/a><\/p>\n","protected":false},"excerpt":{"rendered":"<p>Paseando por el centro comercial \u00abL&#8217;Illa\u00bb me encontr\u00e9 con una muy interesante exposici\u00f3n de \u00abretroinform\u00e1tica\u00bb organizada por la Facultad de Inform\u00e1tica de Barcelona de la UPC (la FIB para los amigos). Un buen paseo por la historia de esta disciplina que va desde el \u00e1baco hasta el \u00faltimo Mac Book Air (nooooo, que esa vitrina &hellip; <a href=\"https:\/\/lavigilanta.info\/?p=596\" class=\"more-link\">Seguir leyendo <span class=\"screen-reader-text\">Retroinform\u00e1tica: buscando vocaciones<\/span> <span class=\"meta-nav\">&rarr;<\/span><\/a><\/p>\n","protected":false},"author":2,"featured_media":0,"comment_status":"open","ping_status":"open","sticky":false,"template":"","format":"standard","meta":[],"categories":[54,108],"tags":[],"_links":{"self":[{"href":"https:\/\/lavigilanta.info\/index.php?rest_route=\/wp\/v2\/posts\/596"}],"collection":[{"href":"https:\/\/lavigilanta.info\/index.php?rest_route=\/wp\/v2\/posts"}],"about":[{"href":"https:\/\/lavigilanta.info\/index.php?rest_route=\/wp\/v2\/types\/post"}],"author":[{"embeddable":true,"href":"https:\/\/lavigilanta.info\/index.php?rest_route=\/wp\/v2\/users\/2"}],"replies":[{"embeddable":true,"href":"https:\/\/lavigilanta.info\/index.php?rest_route=%2Fwp%2Fv2%2Fcomments&post=596"}],"version-history":[{"count":0,"href":"https:\/\/lavigilanta.info\/index.php?rest_route=\/wp\/v2\/posts\/596\/revisions"}],"wp:attachment":[{"href":"https:\/\/lavigilanta.info\/index.php?rest_route=%2Fwp%2Fv2%2Fmedia&parent=596"}],"wp:term":[{"taxonomy":"category","embeddable":true,"href":"https:\/\/lavigilanta.info\/index.php?rest_route=%2Fwp%2Fv2%2Fcategories&post=596"},{"taxonomy":"post_tag","embeddable":true,"href":"https:\/\/lavigilanta.info\/index.php?rest_route=%2Fwp%2Fv2%2Ftags&post=596"}],"curies":[{"name":"wp","href":"https:\/\/api.w.org\/{rel}","templated":true}]}}