{"id":581,"date":"2008-03-04T07:18:48","date_gmt":"2008-03-04T14:18:48","guid":{"rendered":"http:\/\/lavigilanta.info\/wordpress\/?p=581"},"modified":"2008-03-04T07:27:19","modified_gmt":"2008-03-04T14:27:19","slug":"analisis-geneticos-al-alcance-del-ciudadano-y-el-debate-que-no-esta-teniendo-lugar","status":"publish","type":"post","link":"https:\/\/lavigilanta.info\/?p=581","title":{"rendered":"An\u00e1lisis gen\u00e9ticos, al alcance del ciudadano (y el debate que no est\u00e1 teniendo lugar)"},"content":{"rendered":"<p>Hace ya algunos meses (noviembre del 2007) me enter\u00e9 a trav\u00e9s del blog de <a href=\"http:\/\/spanish.martinvarsavsky.net\/inversiones\/fiesta-de-lanzamiento-de-23andme.html\">Martin Varsavsky<\/a> del lanzamiento de <a href=\"http:\/\/www.23andme.com\/\">23andMe<\/a>, la empresa californiana que ofrece, por 999 d\u00f3lares, un an\u00e1lisis gen\u00e9tico y una serie de servicios \u00abestilo 2.0\u00bb de informaci\u00f3n de inter\u00e9s seg\u00fan los resultados de dicho an\u00e1lisis.<\/p>\n<p>(No puedo no mencionar el \u00abdato rosa\u00bb: la empresa la cofund\u00f3 Anne Wojcicki, flamante esposa de Sergei Brin, el pelirrojo creador de Google. As\u00ed se demuestra que Sergei Brin no solo es un chico listo, sino que tambi\u00e9n es un <i>chico listo<\/i>)<\/p>\n<p>Esta semana, <a href=\"http:\/\/www.enriquedans.com\/2008\/03\/23andme-curioseando-tu-genoma.html\">Enrique Dans<\/a> se hace eco de la existencia de la empresa a ra\u00edz de la experiencia de un editor de <a href=\"http:\/\/www.techcrunch.com\/2008\/03\/02\/my-23andme-dna-results\/#more-14607\">Tech Crunch<\/a>, usuario del servicio, que ha tenido a bien compartir con nosotros su experiencia con 23andMe.<\/p>\n<p>A m\u00ed todo esto me parece muy bien. Me parece realmente \u00fatil conocer a fondo el genoma de uno mismo, saber cu\u00e1les son las <i>taras gen\u00e9ticas<\/i> con las que andamos cargando y que nos pueden deteriorar a medio o largo plazo la salud si no hacemos algo al respecto, como cambiar algunos h\u00e1bitos de conducta, o realizar controles peri\u00f3dicos. Un propenso a enfermedades cardiacas podr\u00eda decidir perder peso y hacer algo de deporte. Un propenso al c\u00e1ncer de colon podr\u00eda decidir buscar un gastroenter\u00f3logo y consultarlo peri\u00f3dicamente. Hasta aqu\u00ed todo bien.<\/p>\n<p>Ahora viene la parte del problema.<\/p>\n<p>Si hab\u00e9is contratado un seguro m\u00e9dico privado alguna vez, sabr\u00e9is que antes de aceptaros como clientes os har\u00e1n rellenar unos cuestionarios sobre vuestro estado de salud y enfermedades y dolencias que sab\u00e9is que ten\u00e9is. Luego al firmar el contrato ver\u00e9is que en muchas ocasiones se reservan el derecho de cubrir o no enfermedades y dolencias preexistentes. En idioma de aseguradora: <i>condiciones preexistentes<\/i>.<\/p>\n<p>El problema con los an\u00e1lisis gen\u00e9ticos en este contexto es que nuestros genes son <i> condiciones preexistentes<\/i> y si las cosas no cambian, con un an\u00e1lisis de estos en la mano, la empresa aseguradora podr\u00eda reservarse el derecho de no tratar nuestras dolencias detectadas en el an\u00e1lisis (que, aparte de accidentes y temas del ambiente en que vivamos y trabajamos, es casi seguro que van a ser de las que enfermaremos), con lo cual quedar\u00edamos excluidos de facto de recibir asistencia sanitaria.<\/p>\n<p>Podr\u00edamos argumentar que esto solamente ser\u00eda as\u00ed en los pa\u00edses que no disponen de sanidad p\u00fablica, notoriamente en Estados Unidos, el \u00fanico pa\u00eds de los llamados desarrollados que no ofrece cobertura sanitaria universal a sus ciudadanos y residentes, porque siempre nos queda acudir a la sanidad p\u00fablica. <\/p>\n<p>\u00bfEstamos seguros de esto? Lo digo porque en noviembre del 2006, el anterior primer ministro brit\u00e1nico, Tony Blair, <a href=\"http:\/\/www.guardian.co.uk\/politics\/2006\/nov\/24\/publicservices.immigrationpolicy\">anunci\u00f3<\/a> que se necesitaba en ese pa\u00eds un nuevo <i>contrato social<\/i>, una nueva relaci\u00f3n entre ciudadano y gobierno, para que problemas o dolencias evitables, o causados por un comportamiento irresponsable del ciudadano, no resultasen una carga econ\u00f3mica para el Estado. Para que quede m\u00e1s claro: nada de atender la dolencia cardiaca de un obseso, nada de tratar el c\u00e1ncer de un fumador. Y estoy hablando de la <b>sanidad p\u00fablica<\/b>. Siguiendo con esa l\u00f3gica, \u00bfpara cu\u00e1ndo el negar un tratamiento costoso porque total, seg\u00fan tu <a href=\"https:\/\/lavigilanta.info\/wordpress\/?p=564\">historial m\u00e9dico<\/a> y an\u00e1lisis gen\u00e9tico te vas a morir de infarto dentro de 3 meses?<\/p>\n<p>Estamos de campa\u00f1a electoral en Espa\u00f1a, estoy harta de ver pol\u00edticos en la tele hablando de <i>temas que importan a los espa\u00f1oles<\/i> (y a una ni\u00f1a imaginaria), pero no he visto a ninguno de ellos hablar de este asunto. Es preocupante. Que en la agenda de la Organizaci\u00f3n Mundial del Comercio est\u00e1 el privatizar todos los servicios est\u00e1 claro, para eso sus miembros firmaron el <a href=\"http:\/\/en.wikipedia.org\/wiki\/GATS\">GATS<\/a> (acuerdo general de comercio y servicios) en el a\u00f1o 1995. Que nuestros pa\u00edses occidentales hacen lo que dicta la OMC tambi\u00e9n es cierto (hasta el ambulatorio de al lado de mi casa est\u00e1 privatizado, es decir, el Institut Catal\u00e0 de la Salut lo ha dado en outsourcing a una empresa privada). Pero en ning\u00fan sitio oigo mencionar (aparte de en las <a href=\"http:\/\/www.imdb.com\/title\/tt0386032\/\">pel\u00edculas<\/a> de <a href=\"http:\/\/www.imdb.com\/name\/nm0601619\/\">Michael Moore<\/a>) lo inmoral que es convertir un derecho tan indiscutible como la salud en un negocio donde los beneficios y el precio de la acci\u00f3n de la empresa en bolsa es lo \u00fanico que cuenta. Y si las empresas de seguros m\u00e9dicos privados encima tienen mecanismos para saber <i>de qu\u00e9 nos vamos a enfermar para excluir esas enfermedades de nuestra cobertura<\/i>, pues estamos realmente enfrent\u00e1ndonos al <b>colmo de la perversi\u00f3n<\/b>.<\/p>\n<p>\u00bfPor qu\u00e9 no se habla de esto antes de que sea demasiado tarde?<\/p>\n","protected":false},"excerpt":{"rendered":"<p>Hace ya algunos meses (noviembre del 2007) me enter\u00e9 a trav\u00e9s del blog de Martin Varsavsky del lanzamiento de 23andMe, la empresa californiana que ofrece, por 999 d\u00f3lares, un an\u00e1lisis gen\u00e9tico y una serie de servicios \u00abestilo 2.0\u00bb de informaci\u00f3n de inter\u00e9s seg\u00fan los resultados de dicho an\u00e1lisis. (No puedo no mencionar el \u00abdato rosa\u00bb: &hellip; <a href=\"https:\/\/lavigilanta.info\/?p=581\" class=\"more-link\">Seguir leyendo <span class=\"screen-reader-text\">An\u00e1lisis gen\u00e9ticos, al alcance del ciudadano (y el debate que no est\u00e1 teniendo lugar)<\/span> <span class=\"meta-nav\">&rarr;<\/span><\/a><\/p>\n","protected":false},"author":2,"featured_media":0,"comment_status":"open","ping_status":"open","sticky":false,"template":"","format":"standard","meta":[],"categories":[42,44],"tags":[],"_links":{"self":[{"href":"https:\/\/lavigilanta.info\/index.php?rest_route=\/wp\/v2\/posts\/581"}],"collection":[{"href":"https:\/\/lavigilanta.info\/index.php?rest_route=\/wp\/v2\/posts"}],"about":[{"href":"https:\/\/lavigilanta.info\/index.php?rest_route=\/wp\/v2\/types\/post"}],"author":[{"embeddable":true,"href":"https:\/\/lavigilanta.info\/index.php?rest_route=\/wp\/v2\/users\/2"}],"replies":[{"embeddable":true,"href":"https:\/\/lavigilanta.info\/index.php?rest_route=%2Fwp%2Fv2%2Fcomments&post=581"}],"version-history":[{"count":0,"href":"https:\/\/lavigilanta.info\/index.php?rest_route=\/wp\/v2\/posts\/581\/revisions"}],"wp:attachment":[{"href":"https:\/\/lavigilanta.info\/index.php?rest_route=%2Fwp%2Fv2%2Fmedia&parent=581"}],"wp:term":[{"taxonomy":"category","embeddable":true,"href":"https:\/\/lavigilanta.info\/index.php?rest_route=%2Fwp%2Fv2%2Fcategories&post=581"},{"taxonomy":"post_tag","embeddable":true,"href":"https:\/\/lavigilanta.info\/index.php?rest_route=%2Fwp%2Fv2%2Ftags&post=581"}],"curies":[{"name":"wp","href":"https:\/\/api.w.org\/{rel}","templated":true}]}}