{"id":575,"date":"2008-03-03T06:27:06","date_gmt":"2008-03-03T13:27:06","guid":{"rendered":"http:\/\/lavigilanta.info\/wordpress\/?p=575"},"modified":"2008-03-03T06:32:46","modified_gmt":"2008-03-03T13:32:46","slug":"los-precios-de-los-pisos-no-bajan","status":"publish","type":"post","link":"https:\/\/lavigilanta.info\/?p=575","title":{"rendered":"Los precios de los pisos no bajan"},"content":{"rendered":"<p>Los precios de los pisos no est\u00e1n bajando.<\/p>\n<p><a href='https:\/\/lavigilanta.info\/wordpress\/wp-content\/uploads\/2008\/03\/imagen002.jpg' title='piso2'><img src='https:\/\/lavigilanta.info\/wordpress\/wp-content\/uploads\/2008\/03\/imagen002.jpg' alt='piso2' \/><\/a><\/p>\n<p>&#8230; Bueno, vale, algunos s\u00ed, pero desde luego no en el centro de las principales ciudades (Barcelona, Madrid, Valencia&#8230;)<\/p>\n<p><a href='https:\/\/lavigilanta.info\/wordpress\/wp-content\/uploads\/2008\/03\/mapa1.gif' title='mapa2'><img src='https:\/\/lavigilanta.info\/wordpress\/wp-content\/uploads\/2008\/03\/mapa1.gif' alt='mapa2' \/><\/a><br \/>\n(ubicaci\u00f3n del piso del anuncio, en Barcelona, entre la Sagrada Familia y la Pl. Catalunya, \u00abalgo c\u00e9ntrico\u00bb, \u00bfverdad?)<\/p>\n<p>Para m\u00ed es una buena noticia que, como Pedro Solbes deseaba que pasase hace unos meses, los precios de los pisos se comporten de manera normal: han llegado a unos precios tan altos que se quedan fuera del mercado por no resultar atractivos ni siquiera a los especuladores.<\/p>\n<p>Se habla mucho de la contenci\u00f3n de la inflaci\u00f3n a base de congelar salarios, pero jam\u00e1s, jam\u00e1s, he oido hablar del efecto de los precios del mercado inmobiliario en dicha inflaci\u00f3n. Para decirlo m\u00e1s claro. El alquiler que paga el bar de la esquina de casa es de 3.000 euros mensuales. \u00bfA qu\u00e9 precio debe cobrar el caf\u00e9, los bocatas, el men\u00fa del d\u00eda, etc., para sacar cada mes ese dinero de alquiler (m\u00e1s impuestos, seguridad social y n\u00f3minas)? Es innegable que <i>alg\u00fan efecto<\/i> en el precio de sus productos debe tener esa locura de alquiler mensual.<\/p>\n","protected":false},"excerpt":{"rendered":"<p>Los precios de los pisos no est\u00e1n bajando. &#8230; Bueno, vale, algunos s\u00ed, pero desde luego no en el centro de las principales ciudades (Barcelona, Madrid, Valencia&#8230;) (ubicaci\u00f3n del piso del anuncio, en Barcelona, entre la Sagrada Familia y la Pl. Catalunya, \u00abalgo c\u00e9ntrico\u00bb, \u00bfverdad?) Para m\u00ed es una buena noticia que, como Pedro Solbes &hellip; <a href=\"https:\/\/lavigilanta.info\/?p=575\" class=\"more-link\">Seguir leyendo <span class=\"screen-reader-text\">Los precios de los pisos no bajan<\/span> <span class=\"meta-nav\">&rarr;<\/span><\/a><\/p>\n","protected":false},"author":2,"featured_media":0,"comment_status":"open","ping_status":"open","sticky":false,"template":"","format":"standard","meta":[],"categories":[54,116],"tags":[],"_links":{"self":[{"href":"https:\/\/lavigilanta.info\/index.php?rest_route=\/wp\/v2\/posts\/575"}],"collection":[{"href":"https:\/\/lavigilanta.info\/index.php?rest_route=\/wp\/v2\/posts"}],"about":[{"href":"https:\/\/lavigilanta.info\/index.php?rest_route=\/wp\/v2\/types\/post"}],"author":[{"embeddable":true,"href":"https:\/\/lavigilanta.info\/index.php?rest_route=\/wp\/v2\/users\/2"}],"replies":[{"embeddable":true,"href":"https:\/\/lavigilanta.info\/index.php?rest_route=%2Fwp%2Fv2%2Fcomments&post=575"}],"version-history":[{"count":0,"href":"https:\/\/lavigilanta.info\/index.php?rest_route=\/wp\/v2\/posts\/575\/revisions"}],"wp:attachment":[{"href":"https:\/\/lavigilanta.info\/index.php?rest_route=%2Fwp%2Fv2%2Fmedia&parent=575"}],"wp:term":[{"taxonomy":"category","embeddable":true,"href":"https:\/\/lavigilanta.info\/index.php?rest_route=%2Fwp%2Fv2%2Fcategories&post=575"},{"taxonomy":"post_tag","embeddable":true,"href":"https:\/\/lavigilanta.info\/index.php?rest_route=%2Fwp%2Fv2%2Ftags&post=575"}],"curies":[{"name":"wp","href":"https:\/\/api.w.org\/{rel}","templated":true}]}}