{"id":573,"date":"2008-03-03T04:57:38","date_gmt":"2008-03-03T11:57:38","guid":{"rendered":"http:\/\/lavigilanta.info\/wordpress\/?p=573"},"modified":"2008-03-03T06:35:17","modified_gmt":"2008-03-03T13:35:17","slug":"el-pp-usa-una-cancion-de-manu-chao-manu-chao-pide-que-votemos-lo-que-sea-menos-pp","status":"publish","type":"post","link":"https:\/\/lavigilanta.info\/?p=573","title":{"rendered":"El PP usa una canci\u00f3n de Manu Chao. Manu Chao pide que votemos lo que sea menos PP"},"content":{"rendered":"<p>La noticia, en <a href=\"http:\/\/www.elpais.com\/articulo\/cultura\/Manu\/Chao\/denunciara\/PP\/utilizar\/canciones\/permiso\/elpepucul\/20080302elpepucul_3\/Tes\">El Mundo<\/a>. Mi interpretaci\u00f3n, que hay que ser idiota, acultural y enchufado hijo de pap\u00e1 para cometer el error de usar una canci\u00f3n del altermunidalista Manu Chao en un anuncio del PP, \u00a1es una incongruencia brutal! <\/p>\n<p>He aqu\u00ed el comunicado \u00edntegro de Manu Chao al respecto de este <i>incidente<\/i>:<\/p>\n<p><quote>Fue una muy desagradable sorpresa el descubrir hace un par de d\u00edas que el Partido Popular utiliz\u00f3 de manera totalmente ilegal y sin ningun permiso previo la cancion La Trampa, escrita por m\u00ed e interpretada en buena amistad con Tonino Carotone.Con el agravante de hacerlo para un v\u00eddeo partidista, electoralista y denigrante para terceros.Es de notoriedad p\u00fablica que no tengo ninguna simpat\u00eda por el Partido Popular. Tampoco ellos nunca se cortaron en respaldar varias criticas a mi forma de ser o a mi trabajo. Entonces, lo que yo trato ahora de entender es porque el Partido Popular se toma la licencia divina de utilizar la obra de gente que no le gusta. Y desde luego, por qu\u00e9 en su gran cruzada por una \u00abnormalidad\u00bb rancia, absurda e incomprensible, el Partido Popular se permite utilizar la m\u00fasica e interpretaci\u00f3n de artistas que nunca se definieron como normales. \u00bfSer\u00e1 que artistas \u00abnormales\u00bb seg\u00fan los criterios del PP no existen? Puede ser que s\u00ed, puede ser que no; no lo s\u00e9 ni me importa, porque al fin y al cabo todo acabar\u00eda en un debate est\u00e9ril y sin futuro. Pero hoy en concreto estoy bien seguro de que esa persona idealizada e irreal que ellos sue\u00f1an no soy yo. Y ya que estamos, desde estas l\u00edneas hago un llamamiento a que vayamos tod@s a votar el domingo por cualquier partido que no sea el Partido Popular y evitar as\u00ed lo peor que nos pueda pasar a tod@s estos pr\u00f3ximos cinco a\u00f1os.<\/p>\n<p>Siempre atento y feliz d\u00eda (&#8230;dentro de lo que cabe&#8230;), Manu Chao<\/quote><\/p>\n","protected":false},"excerpt":{"rendered":"<p>La noticia, en El Mundo. Mi interpretaci\u00f3n, que hay que ser idiota, acultural y enchufado hijo de pap\u00e1 para cometer el error de usar una canci\u00f3n del altermunidalista Manu Chao en un anuncio del PP, \u00a1es una incongruencia brutal! He aqu\u00ed el comunicado \u00edntegro de Manu Chao al respecto de este incidente: Fue una muy &hellip; <a href=\"https:\/\/lavigilanta.info\/?p=573\" class=\"more-link\">Seguir leyendo <span class=\"screen-reader-text\">El PP usa una canci\u00f3n de Manu Chao. Manu Chao pide que votemos lo que sea menos PP<\/span> <span class=\"meta-nav\">&rarr;<\/span><\/a><\/p>\n","protected":false},"author":2,"featured_media":0,"comment_status":"open","ping_status":"open","sticky":false,"template":"","format":"standard","meta":[],"categories":[116],"tags":[],"_links":{"self":[{"href":"https:\/\/lavigilanta.info\/index.php?rest_route=\/wp\/v2\/posts\/573"}],"collection":[{"href":"https:\/\/lavigilanta.info\/index.php?rest_route=\/wp\/v2\/posts"}],"about":[{"href":"https:\/\/lavigilanta.info\/index.php?rest_route=\/wp\/v2\/types\/post"}],"author":[{"embeddable":true,"href":"https:\/\/lavigilanta.info\/index.php?rest_route=\/wp\/v2\/users\/2"}],"replies":[{"embeddable":true,"href":"https:\/\/lavigilanta.info\/index.php?rest_route=%2Fwp%2Fv2%2Fcomments&post=573"}],"version-history":[{"count":0,"href":"https:\/\/lavigilanta.info\/index.php?rest_route=\/wp\/v2\/posts\/573\/revisions"}],"wp:attachment":[{"href":"https:\/\/lavigilanta.info\/index.php?rest_route=%2Fwp%2Fv2%2Fmedia&parent=573"}],"wp:term":[{"taxonomy":"category","embeddable":true,"href":"https:\/\/lavigilanta.info\/index.php?rest_route=%2Fwp%2Fv2%2Fcategories&post=573"},{"taxonomy":"post_tag","embeddable":true,"href":"https:\/\/lavigilanta.info\/index.php?rest_route=%2Fwp%2Fv2%2Ftags&post=573"}],"curies":[{"name":"wp","href":"https:\/\/api.w.org\/{rel}","templated":true}]}}