{"id":569,"date":"2008-02-29T02:21:24","date_gmt":"2008-02-29T09:21:24","guid":{"rendered":"http:\/\/lavigilanta.info\/wordpress\/?p=569"},"modified":"2008-02-29T02:22:30","modified_gmt":"2008-02-29T09:22:30","slug":"el-gobierno-de-ciudad-de-mexico-saca-a-concurso-plan-para-videovigilancia-masiva","status":"publish","type":"post","link":"https:\/\/lavigilanta.info\/?p=569","title":{"rendered":"El gobierno de Ciudad de M\u00e9xico saca a concurso plan para videovigilancia masiva"},"content":{"rendered":"<p>Leo en <a href=\"http:\/\/www.economista.com.mx\/articulos\/2008-02-28-56832\">El Economista<\/a> que el gobierno del DF ha publicado un concurso para la dotaci\u00f3n de un sistema de videovigilancia que cubra todos los rincones de la enorme capital.<\/p>\n<p>Resumidamente, ser\u00e1n 8.019 videoc\u00e1maras, con un sistema \u00abinteligente\u00bb que permita detectar disparos de arma de fuego, leer matr\u00edculas de autom\u00f3viles, y reconocimiento facial.<\/p>\n<p>Dice Marcelo Ebrard, jefe de gobierno del DF, que en Par\u00eds tienen un sistema similar. Y todo esto en nombre de la seguridad, claro que s\u00ed.<\/p>\n<p>No acaban de aclarar: cu\u00e1les son las normas de conducta para el organismo que controlar\u00e1 este sistema de control poblacional (y de la delincuencia tambi\u00e9n, claro, pero no obviemos el factor de control social). \u00bfQui\u00e9n vigila al vigilante?<\/p>\n","protected":false},"excerpt":{"rendered":"<p>Leo en El Economista que el gobierno del DF ha publicado un concurso para la dotaci\u00f3n de un sistema de videovigilancia que cubra todos los rincones de la enorme capital. Resumidamente, ser\u00e1n 8.019 videoc\u00e1maras, con un sistema \u00abinteligente\u00bb que permita detectar disparos de arma de fuego, leer matr\u00edculas de autom\u00f3viles, y reconocimiento facial. Dice Marcelo &hellip; <a href=\"https:\/\/lavigilanta.info\/?p=569\" class=\"more-link\">Seguir leyendo <span class=\"screen-reader-text\">El gobierno de Ciudad de M\u00e9xico saca a concurso plan para videovigilancia masiva<\/span> <span class=\"meta-nav\">&rarr;<\/span><\/a><\/p>\n","protected":false},"author":2,"featured_media":0,"comment_status":"open","ping_status":"open","sticky":false,"template":"","format":"standard","meta":[],"categories":[96,153],"tags":[],"_links":{"self":[{"href":"https:\/\/lavigilanta.info\/index.php?rest_route=\/wp\/v2\/posts\/569"}],"collection":[{"href":"https:\/\/lavigilanta.info\/index.php?rest_route=\/wp\/v2\/posts"}],"about":[{"href":"https:\/\/lavigilanta.info\/index.php?rest_route=\/wp\/v2\/types\/post"}],"author":[{"embeddable":true,"href":"https:\/\/lavigilanta.info\/index.php?rest_route=\/wp\/v2\/users\/2"}],"replies":[{"embeddable":true,"href":"https:\/\/lavigilanta.info\/index.php?rest_route=%2Fwp%2Fv2%2Fcomments&post=569"}],"version-history":[{"count":0,"href":"https:\/\/lavigilanta.info\/index.php?rest_route=\/wp\/v2\/posts\/569\/revisions"}],"wp:attachment":[{"href":"https:\/\/lavigilanta.info\/index.php?rest_route=%2Fwp%2Fv2%2Fmedia&parent=569"}],"wp:term":[{"taxonomy":"category","embeddable":true,"href":"https:\/\/lavigilanta.info\/index.php?rest_route=%2Fwp%2Fv2%2Fcategories&post=569"},{"taxonomy":"post_tag","embeddable":true,"href":"https:\/\/lavigilanta.info\/index.php?rest_route=%2Fwp%2Fv2%2Ftags&post=569"}],"curies":[{"name":"wp","href":"https:\/\/api.w.org\/{rel}","templated":true}]}}