{"id":539,"date":"2008-02-06T18:17:00","date_gmt":"2008-02-06T18:17:00","guid":{"rendered":"http:\/\/lavigilanta.info\/wordpress\/?p=539"},"modified":"2008-02-06T18:17:00","modified_gmt":"2008-02-06T18:17:00","slug":"duran-i-lleida-sigue-con-la-demagogia","status":"publish","type":"post","link":"https:\/\/lavigilanta.info\/?p=539","title":{"rendered":"Duran i Lleida sigue con la demagogia"},"content":{"rendered":"<p>Otra vez en la bici, otra vez un cartel del candidato de CiU a las elecciones parlamentarias del 9 de marzo. Este dec\u00eda: \u00abA Catalunya se&#8217;ns respecta menys que abans. Aix\u00f2 s&#8217;ha d&#8217;acabar!!\u00bb (En Catalunya se nos respeta menos que antes. \u00a1Esto se tiene que acabar!). Yo alucino con las frases de este se\u00f1or. Lo \u00fanico que queda claro es donde se desarrolla la acci\u00f3n, en Catalunya. Porque, a ver, que me explique alguien:<\/p>\n<p>\u00bfQui\u00e9n ya no respeta?<br \/>\u00bfA qui\u00e9n ya no se respeta?<\/p>\n<p>Esto es como las canciones de Oasis, que si las lees friamente no dicen nada de nada, pero medio borrachos todos creemos que tratan de nosotros. Posibles interpretaciones de la frase:<\/p>\n<p>Los espa\u00f1oles ya no respetan a los catalanes.<br \/>Los inmigrantes ya no respetan a los catalanes.<br \/>Los nietos ya no respetan a los abuelos.<br \/>Los conductores ya no respetan a los guardias de tr\u00e1fico.<br \/>Los curritos ya no respetan a los jefes.<br \/><span style=\"font-weight:bold;\">A m\u00ed no me respeta el perrito que se hace pis en la rueda de atra\u015b de mi bici.<\/span><\/p>\n<p>\u00a1\u00a1Bingo!! Tenia raz\u00f3n Duran i Lleida: <span style=\"font-weight:bold;\">\u00a1\u00a1esto se ha de acabar!!<\/span><\/p>\n","protected":false},"excerpt":{"rendered":"<p>Otra vez en la bici, otra vez un cartel del candidato de CiU a las elecciones parlamentarias del 9 de marzo. Este dec\u00eda: \u00abA Catalunya se&#8217;ns respecta menys que abans. Aix\u00f2 s&#8217;ha d&#8217;acabar!!\u00bb (En Catalunya se nos respeta menos que antes. \u00a1Esto se tiene que acabar!). Yo alucino con las frases de este se\u00f1or. Lo &hellip; <a href=\"https:\/\/lavigilanta.info\/?p=539\" class=\"more-link\">Seguir leyendo <span class=\"screen-reader-text\">Duran i Lleida sigue con la demagogia<\/span> <span class=\"meta-nav\">&rarr;<\/span><\/a><\/p>\n","protected":false},"author":2,"featured_media":0,"comment_status":"open","ping_status":"open","sticky":false,"template":"","format":"standard","meta":[],"categories":[116],"tags":[],"_links":{"self":[{"href":"https:\/\/lavigilanta.info\/index.php?rest_route=\/wp\/v2\/posts\/539"}],"collection":[{"href":"https:\/\/lavigilanta.info\/index.php?rest_route=\/wp\/v2\/posts"}],"about":[{"href":"https:\/\/lavigilanta.info\/index.php?rest_route=\/wp\/v2\/types\/post"}],"author":[{"embeddable":true,"href":"https:\/\/lavigilanta.info\/index.php?rest_route=\/wp\/v2\/users\/2"}],"replies":[{"embeddable":true,"href":"https:\/\/lavigilanta.info\/index.php?rest_route=%2Fwp%2Fv2%2Fcomments&post=539"}],"version-history":[{"count":0,"href":"https:\/\/lavigilanta.info\/index.php?rest_route=\/wp\/v2\/posts\/539\/revisions"}],"wp:attachment":[{"href":"https:\/\/lavigilanta.info\/index.php?rest_route=%2Fwp%2Fv2%2Fmedia&parent=539"}],"wp:term":[{"taxonomy":"category","embeddable":true,"href":"https:\/\/lavigilanta.info\/index.php?rest_route=%2Fwp%2Fv2%2Fcategories&post=539"},{"taxonomy":"post_tag","embeddable":true,"href":"https:\/\/lavigilanta.info\/index.php?rest_route=%2Fwp%2Fv2%2Ftags&post=539"}],"curies":[{"name":"wp","href":"https:\/\/api.w.org\/{rel}","templated":true}]}}