{"id":538,"date":"2008-02-06T18:09:00","date_gmt":"2008-02-06T18:09:00","guid":{"rendered":"http:\/\/lavigilanta.info\/wordpress\/?p=538"},"modified":"2008-02-06T18:09:00","modified_gmt":"2008-02-06T18:09:00","slug":"intelectuales-europeos-pero-ninguno-espanol-proponen-a-la-ue-que-los-europeos-adoptemos-una-tercera-lengua","status":"publish","type":"post","link":"https:\/\/lavigilanta.info\/?p=538","title":{"rendered":"Intelectuales europeos (pero ninguno espa\u00f1ol) proponen a la UE que los europeos adoptemos una tercera lengua"},"content":{"rendered":"<p>Leemos esto en El <a href=\"http:\/\/www.elpais.com\/articulo\/sociedad\/Intelectuales\/europeos\/proponen\/defensas\/avance\/arrollador\/ingles\/elpepusoc\/20080206elpepusoc_8\/Tes\">Pa\u00eds<\/a>. Un grupo de intelectuales europeos capitaneados por Amin Maalouf, tras contactar con las instituciones que velan por la difusi\u00f3n de las lenguas europeas como el instituto Goethe o el British Council (pero no el instituto Cervantes) proponen a la Comisi\u00f3n Europea que para salvar nuestra identidad europea multicultural, no solamente aprendamos una lengua franca de negocios (el ingl\u00e9s), sino que <span style=\"font-style:italic;\">adoptemos una tercera lengua<\/span>, porque a trav\u00e9s de ella conoceremos \u00edntimamente la cultura de los pa\u00edses donde se hable, y de esta manera cohesionaremos cultural y sentimentalmente esta Europa-mosaico cultural donde hemos tenido la suerte de nacer. <\/p>\n<p>Yo me pido el franc\u00e9s. Es vergonzoso que viviendo a escasas tres horas de la frontera con Francia, tan poca gente en mi ciudad lo hable m\u00ednimamente bien, y conozcamos tan poco a nuestro pa\u00eds vecino.<\/p>\n","protected":false},"excerpt":{"rendered":"<p>Leemos esto en El Pa\u00eds. Un grupo de intelectuales europeos capitaneados por Amin Maalouf, tras contactar con las instituciones que velan por la difusi\u00f3n de las lenguas europeas como el instituto Goethe o el British Council (pero no el instituto Cervantes) proponen a la Comisi\u00f3n Europea que para salvar nuestra identidad europea multicultural, no solamente &hellip; <a href=\"https:\/\/lavigilanta.info\/?p=538\" class=\"more-link\">Seguir leyendo <span class=\"screen-reader-text\">Intelectuales europeos (pero ninguno espa\u00f1ol) proponen a la UE que los europeos adoptemos una tercera lengua<\/span> <span class=\"meta-nav\">&rarr;<\/span><\/a><\/p>\n","protected":false},"author":2,"featured_media":0,"comment_status":"open","ping_status":"open","sticky":false,"template":"","format":"standard","meta":[],"categories":[108],"tags":[],"_links":{"self":[{"href":"https:\/\/lavigilanta.info\/index.php?rest_route=\/wp\/v2\/posts\/538"}],"collection":[{"href":"https:\/\/lavigilanta.info\/index.php?rest_route=\/wp\/v2\/posts"}],"about":[{"href":"https:\/\/lavigilanta.info\/index.php?rest_route=\/wp\/v2\/types\/post"}],"author":[{"embeddable":true,"href":"https:\/\/lavigilanta.info\/index.php?rest_route=\/wp\/v2\/users\/2"}],"replies":[{"embeddable":true,"href":"https:\/\/lavigilanta.info\/index.php?rest_route=%2Fwp%2Fv2%2Fcomments&post=538"}],"version-history":[{"count":0,"href":"https:\/\/lavigilanta.info\/index.php?rest_route=\/wp\/v2\/posts\/538\/revisions"}],"wp:attachment":[{"href":"https:\/\/lavigilanta.info\/index.php?rest_route=%2Fwp%2Fv2%2Fmedia&parent=538"}],"wp:term":[{"taxonomy":"category","embeddable":true,"href":"https:\/\/lavigilanta.info\/index.php?rest_route=%2Fwp%2Fv2%2Fcategories&post=538"},{"taxonomy":"post_tag","embeddable":true,"href":"https:\/\/lavigilanta.info\/index.php?rest_route=%2Fwp%2Fv2%2Ftags&post=538"}],"curies":[{"name":"wp","href":"https:\/\/api.w.org\/{rel}","templated":true}]}}