{"id":533,"date":"2008-01-29T18:36:00","date_gmt":"2008-01-29T18:36:00","guid":{"rendered":"http:\/\/lavigilanta.info\/wordpress\/?p=533"},"modified":"2008-02-24T15:54:41","modified_gmt":"2008-02-24T22:54:41","slug":"el-dialogo-digital-ppopular-%c2%a1que-falacia","status":"publish","type":"post","link":"https:\/\/lavigilanta.info\/?p=533","title":{"rendered":"El Di\u00e1logo Digital Ppopular&#8230; \u00a1qu\u00e9 falacia!"},"content":{"rendered":"<p><a onblur=\"try {parent.deselectBloggerImageGracefully();} catch(e) {}\" href=\"http:\/\/bp3.blogger.com\/_JJGCxDPmQyc\/R591PKWeQyI\/AAAAAAAABDE\/KUS7FbUSTqs\/s1600-h\/rajoy.jpg\"><img decoding=\"async\" style=\"margin: 0px auto 10px; display: block; text-align: center; cursor: pointer;\" src=\"http:\/\/bp3.blogger.com\/_JJGCxDPmQyc\/R591PKWeQyI\/AAAAAAAABDE\/KUS7FbUSTqs\/s320\/rajoy.jpg\" alt=\"\" id=\"BLOGGER_PHOTO_ID_5160972601326977826\" border=\"0\" \/><\/a><br \/>Me enter\u00e9 la semana pasada que Rajoy, el amigo <strike>de los ni\u00f1os<\/strike> de los internautas organiz\u00f3 una cosa llamada Di\u00e1lgo Digital Ppopular (la doble P es m\u00eda para distinguir la palabra popular (del pueblo) del nombre del partido pol\u00edtico (de las \u00e9lites)) y que parece ser que fueron unas mesas redondas tem\u00e1ticas que se organizaron el 18 de enero.<\/p>\n<p>Yo entend\u00eda que un di\u00e1logo es eso, un intercambio de ideas, y pens\u00e9 \u00a1qu\u00e9 majo el Rajoy! mostrando talante m\u00e1s o menos mientras pasaba lo de echar a los perros salvajes a Gallard\u00f3n. As\u00ed que me fui a la <a href=\"http:\/\/www.dialogodigitalpopular.com\/\">Web del evento<\/a> para ver de qu\u00e9 iban las mesas. Y voy y me encuentro con una llamada \u00abPropiedad intelectual y contenidos en la Sociedad de la Informaci\u00f3n\u00bb presidida por&#8230; \u00a1<span style=\"font-weight: bold;\">Pedro Farr\u00e9<\/span>! \u00a1\u00a1\u00a1El agradable, alivianado, tolerante y dialogante abogado de la SGAE que empapel\u00f3 al pobre friki que cre\u00f3 la Frikipedia por poner una foto suya con un parche de pirata sobrepuesto es que ni con Photoshop, con el Paint directamente!!!<\/p>\n<p>\u00bf\u00bfA esto le llaman un di\u00e1logo??<\/p>\n<p>Bueno, s\u00ed. <span style=\"font-weight: bold;\">Un di\u00e1logo de besugos<\/span>.<span style=\"color: rgb(255, 0, 0);\"> (<\/span><span style=\"font-weight: bold; color: rgb(255, 0, 0);\">Disclaimer<\/span><span style=\"color: rgb(255, 0, 0);\">: excepto el Sr. Farr\u00e9, por supuesto, a \u00e9l lo respetamos mucho en este blog y solo podemos decir cosas bonitas sobre \u00e9l. \u00a1T\u00edo bueno!)<\/span><\/p>\n","protected":false},"excerpt":{"rendered":"<p>Me enter\u00e9 la semana pasada que Rajoy, el amigo de los ni\u00f1os de los internautas organiz\u00f3 una cosa llamada Di\u00e1lgo Digital Ppopular (la doble P es m\u00eda para distinguir la palabra popular (del pueblo) del nombre del partido pol\u00edtico (de las \u00e9lites)) y que parece ser que fueron unas mesas redondas tem\u00e1ticas que se organizaron &hellip; <a href=\"https:\/\/lavigilanta.info\/?p=533\" class=\"more-link\">Seguir leyendo <span class=\"screen-reader-text\">El Di\u00e1logo Digital Ppopular&#8230; \u00a1qu\u00e9 falacia!<\/span> <span class=\"meta-nav\">&rarr;<\/span><\/a><\/p>\n","protected":false},"author":2,"featured_media":0,"comment_status":"open","ping_status":"open","sticky":false,"template":"","format":"standard","meta":[],"categories":[116],"tags":[],"_links":{"self":[{"href":"https:\/\/lavigilanta.info\/index.php?rest_route=\/wp\/v2\/posts\/533"}],"collection":[{"href":"https:\/\/lavigilanta.info\/index.php?rest_route=\/wp\/v2\/posts"}],"about":[{"href":"https:\/\/lavigilanta.info\/index.php?rest_route=\/wp\/v2\/types\/post"}],"author":[{"embeddable":true,"href":"https:\/\/lavigilanta.info\/index.php?rest_route=\/wp\/v2\/users\/2"}],"replies":[{"embeddable":true,"href":"https:\/\/lavigilanta.info\/index.php?rest_route=%2Fwp%2Fv2%2Fcomments&post=533"}],"version-history":[{"count":0,"href":"https:\/\/lavigilanta.info\/index.php?rest_route=\/wp\/v2\/posts\/533\/revisions"}],"wp:attachment":[{"href":"https:\/\/lavigilanta.info\/index.php?rest_route=%2Fwp%2Fv2%2Fmedia&parent=533"}],"wp:term":[{"taxonomy":"category","embeddable":true,"href":"https:\/\/lavigilanta.info\/index.php?rest_route=%2Fwp%2Fv2%2Fcategories&post=533"},{"taxonomy":"post_tag","embeddable":true,"href":"https:\/\/lavigilanta.info\/index.php?rest_route=%2Fwp%2Fv2%2Ftags&post=533"}],"curies":[{"name":"wp","href":"https:\/\/api.w.org\/{rel}","templated":true}]}}