{"id":532,"date":"2008-01-29T18:08:00","date_gmt":"2008-01-29T18:08:00","guid":{"rendered":"http:\/\/lavigilanta.info\/wordpress\/?p=532"},"modified":"2008-02-24T15:55:16","modified_gmt":"2008-02-24T22:55:16","slug":"demagogia-y-peligrosa-simplificacion-filofascista-en-la-precampana-de-duran-i-lleida-ciu","status":"publish","type":"post","link":"https:\/\/lavigilanta.info\/?p=532","title":{"rendered":"Demagogia y peligrosa simplificaci\u00f3n filofascista en la precampa\u00f1a de Duran i Lleida (CiU)"},"content":{"rendered":"<p><a onblur=\"try {parent.deselectBloggerImageGracefully();} catch(e) {}\" href=\"http:\/\/bp1.blogger.com\/_JJGCxDPmQyc\/R59xCqWeQxI\/AAAAAAAABC8\/y76S38_Qf3c\/s1600-h\/2374_duran-i-lleida-.jpg\"><img decoding=\"async\" id=\"BLOGGER_PHOTO_ID_5160967988532101906\" style=\"DISPLAY: block; MARGIN: 0px auto 10px; CURSOR: hand; TEXT-ALIGN: center\" alt=\"\" src=\"http:\/\/bp1.blogger.com\/_JJGCxDPmQyc\/R59xCqWeQxI\/AAAAAAAABC8\/y76S38_Qf3c\/s320\/2374_duran-i-lleida-.jpg\" border=\"0\" \/><\/a><br \/>Los meses que preceden a unas elecciones son un excelente momento para tomarle el pulso a la sociedad y en especial a su estado de \u00e1nimo. Y en \u00e9sta en que nos encontramos los indicios son muy preocupantes. Por ejemplo, el otro d\u00eda iba en la bici y me par\u00e9 en el sem\u00e1foro (aunque nadie se lo crea, somos un mont\u00f3n los que tenemos esa costumbre) justo al lado de un cartel de propaganda electoral del se\u00f1or Duran i Lleida de CiU. Y me preocup\u00e9 mucho. Normalmente CiU ha sido un partido que ejerc\u00eda (o al menos lo intentaba) el famoso \u00abseny\u00bb catal\u00e1n (uuuuf, definir el \u00abseny\u00bb&#8230; es algo as\u00ed como el sentido com\u00fan y ser realista y prosaico al extremo), pero veo que ha perdido totalmente ese valor. Lo que dec\u00eda el calvo m\u00e1s famoso de Catalunya era lo siguiente:<\/p>\n<p>\u00abEns hem equivocat! S\u2019han de recuperar valors com el respecte, l\u2019esfor\u00e7, l\u2019autoritat, el m\u00e8rit, la disciplina&#8230; a la fam\u00edlia, a l\u2019escola i a la societat\u00bb<\/p>\n<p>(\u00a1Nos hemos equivocado! tenemos que recuperar los valores como el respeto, el esfuerzo, la autoridad, el m\u00e9rito, la disciplina&#8230; en la familia, en la escuela y en la sociedad)<\/p>\n<p>Alucino, porque eso suena muy dise\u00f1ado para los nost\u00e1lgicos de \u00ablos viejos tiempos\u00bb que creen que las cosas con mano dura se arreglan. No se\u00f1ores. Lo que tenemos no es una carencia de esos valores. Lo que tenemos es un exceso galopante de <span style=\"FONT-WEIGHT: bold\">individualismo<\/span> y <span style=\"FONT-WEIGHT: bold\">ego\u00edsmo<\/span> que lleva a todo lo dem\u00e1s. Otro d\u00eda explicaremos por qu\u00e9 se da este fen\u00f3meno, pero el resumen ser\u00eda que alguien ego\u00edsta con una vida emocional de perros suele <span style=\"FONT-WEIGHT: bold\">consumir m\u00e1s<\/span>, que es lo que el sistema neoliberal quiere del ciudadano com\u00fan. En lo \u00fanico que estoy de acuerdo con Duran i Lleida es en lo de <span style=\"FONT-WEIGHT: bold\">carencia de respeto<\/span>. Los diferentes, por ejemplo, est\u00e1n incre\u00edblemente insultados y demonizados por sectores como la derecha reaccionaria \u00abneocon\u00bb estilo Acebes o Aznar, la iglesia cat\u00f3lica y sus incre\u00edbles seguidores, precisamente los . destinatarios claros de este mensaje de Duran i Lleida.<\/p>\n<p>Dos sem\u00e1foros m\u00e1s adelante, el lema era: \u00abLa gent no se\u2019n va del seu pa\u00eds per ganes, sin\u00f3 per gana. Per\u00f2 a Catalunya no hi cap tothom\u00bb. Traduzco directamente: \u00abLa gente no se va de su pa\u00eds por ganas sino por hambre -juego de palabras: hambre en catal\u00e1n es \u00abgana\u00bb-. Pero aqu\u00ed no cabemos todos\u00bb.<\/p>\n<p>Otro dardo de Cupido al coraz\u00f3n de la gente rancia de la derechona. Se\u00f1or Duran i Lleida, hace 20 a\u00f1os ni Dios ven\u00eda a Espa\u00f1a a trabajar, \u00a1porque no hab\u00eda qu\u00e9 hacer aparte de tomar el sol! El sistema hace unos 15 a\u00f1os se puso a invertir la pasta que llegaba de Europa en construir como locos para crear una situaci\u00f3n de enriquecimiento abultad\u00edsimo y r\u00e1pido para los amigos constructores de los se\u00f1ores del PP, y claro est\u00e1, de repente hab\u00eda trabajo en Espa\u00f1a y de repente empieza a llegar gente para trabajar y lograr que se cumplieran esos planes de construcci\u00f3n desorbitados. Pobres inmigrantes. Sin ellos no se hubiese logrado el cacareado \u00abboom\u00bb de la econom\u00eda espa\u00f1ola (sin fuerza de trabajo necesaria no hay nada que hacer) y a la m\u00ednima de cambio&#8230; \u00abaqu\u00ed no cabes, marroqu\u00ed de m* que llevas 5 a\u00f1os parti\u00e9ndote la espalda currando en la obra para que tu jefe se forre\u00bb. Esto es la versi\u00f3n interpersonal del efecto BANANA: \u00abBuild Anything Near Anywhere Near Anyone\u00bb (no construyas nada cerca de nadie) que significa que todos queremos centros de atenci\u00f3n a drogadictos, plantas depuradoras, etc., pero no en nuestro pueblo. Pues aqu\u00ed lo mismo: quiero que el PIB del pa\u00eds suba, que Espa\u00f1a vaya bien, que Espa\u00f1a se convierta (en teor\u00eda) en la octava econom\u00eda del mundo&#8230; pero nada de tener un vecino moreno en la escalera, qu\u00e9 va, qu\u00e9 horror. Mmmmhhhh&#8230; \u00bf\u00bfmencion\u00e9 el ego\u00edsmo ya en este post??<\/p>\n<p>Para m\u00ed, a partir de hoy CiU se ha convertido en un PP de Acebes pero con senyera. Cambia las 4 barras por la rojigualda, el discurso es exactamente el mismo.<\/p>\n<p>La huida a la derecha y asesinato del centro (caso Gallard\u00f3n en Madrid) tambi\u00e9n acaba de pasar en Catalunya.<\/p>\n<p><strong>Actualizaci\u00f3n<\/strong>: he a\u00f1adido el texto original del cartel que vi en el segundo sem\u00e1foro \ud83d\ude09<br \/><strong>Actualizaci\u00f3n 2<\/strong>: Efecto BANANA&#8230; os va a gustar.<\/p>\n","protected":false},"excerpt":{"rendered":"<p>Los meses que preceden a unas elecciones son un excelente momento para tomarle el pulso a la sociedad y en especial a su estado de \u00e1nimo. Y en \u00e9sta en que nos encontramos los indicios son muy preocupantes. Por ejemplo, el otro d\u00eda iba en la bici y me par\u00e9 en el sem\u00e1foro (aunque nadie &hellip; <a href=\"https:\/\/lavigilanta.info\/?p=532\" class=\"more-link\">Seguir leyendo <span class=\"screen-reader-text\">Demagogia y peligrosa simplificaci\u00f3n filofascista en la precampa\u00f1a de Duran i Lleida (CiU)<\/span> <span class=\"meta-nav\">&rarr;<\/span><\/a><\/p>\n","protected":false},"author":2,"featured_media":0,"comment_status":"open","ping_status":"open","sticky":false,"template":"","format":"standard","meta":[],"categories":[116],"tags":[],"_links":{"self":[{"href":"https:\/\/lavigilanta.info\/index.php?rest_route=\/wp\/v2\/posts\/532"}],"collection":[{"href":"https:\/\/lavigilanta.info\/index.php?rest_route=\/wp\/v2\/posts"}],"about":[{"href":"https:\/\/lavigilanta.info\/index.php?rest_route=\/wp\/v2\/types\/post"}],"author":[{"embeddable":true,"href":"https:\/\/lavigilanta.info\/index.php?rest_route=\/wp\/v2\/users\/2"}],"replies":[{"embeddable":true,"href":"https:\/\/lavigilanta.info\/index.php?rest_route=%2Fwp%2Fv2%2Fcomments&post=532"}],"version-history":[{"count":0,"href":"https:\/\/lavigilanta.info\/index.php?rest_route=\/wp\/v2\/posts\/532\/revisions"}],"wp:attachment":[{"href":"https:\/\/lavigilanta.info\/index.php?rest_route=%2Fwp%2Fv2%2Fmedia&parent=532"}],"wp:term":[{"taxonomy":"category","embeddable":true,"href":"https:\/\/lavigilanta.info\/index.php?rest_route=%2Fwp%2Fv2%2Fcategories&post=532"},{"taxonomy":"post_tag","embeddable":true,"href":"https:\/\/lavigilanta.info\/index.php?rest_route=%2Fwp%2Fv2%2Ftags&post=532"}],"curies":[{"name":"wp","href":"https:\/\/api.w.org\/{rel}","templated":true}]}}