{"id":516,"date":"2007-11-20T13:41:00","date_gmt":"2007-11-20T13:41:00","guid":{"rendered":"http:\/\/lavigilanta.info\/wordpress\/?p=516"},"modified":"2007-11-20T13:41:00","modified_gmt":"2007-11-20T13:41:00","slug":"la-denuncia-a-la-sgae-el-canon-rajoy-y-asian-dub-foundation","status":"publish","type":"post","link":"https:\/\/lavigilanta.info\/?p=516","title":{"rendered":"La denuncia a la SGAE, el canon, Rajoy y Asian Dub Foundation"},"content":{"rendered":"<p>Vale, s\u00ed, el t\u00edtulo del post es bastante raro, pero l\u00f3gico: es una simple asociaci\u00f3n de  ideas que tuve y que me dieron miedo. Espero poder explicarme bien&#8230;<\/p>\n<p>Hoy, cuando abr\u00ed www.elpais.es, me llev\u00e9 la alegr\u00eda de ver en portada la <a href=\"http:\/\/www.elpais.com\/articulo\/sociedad\/internautas\/llevan\/SGAE\/fiscal\/Anticorrupcion\/elpepisoc\/20071120elpepisoc_10\/Tes\">noticia<\/a> que la Asociaci\u00f3n de Internautas y otros colectivos de usuarios de la Red han puesto una denuncia a la SGAE por corrupci\u00f3n, por esos extra\u00f1os tejemanejes de una sociedad supuestamente sin \u00e1nimo de lucro, por esa mara\u00f1a de sociedades con \u00e1nimo de lucro con las que comparte sede social y directivos.<\/p>\n<p>La alegr\u00eda me ha durado escasos cinco segundos. Justo hasta que pens\u00e9 en Rajoy diciendo aquello de que <a href=\"http:\/\/www.adn.es\/impresa\/politica\/20071109\/NWS-2610-Entrevista-Rajoy.html\">\u00e9l abolir\u00e1 el canon<\/a>. A m\u00ed esa noticia me huele mal, y en eso estoy con <a href=\"http:\/\/www.versvs.net\/anotacion\/comentario-sobre-modificacion-del-canon-por-parte-del-partido-popular\">Versvs<\/a>, que puede parecer atractivo lo que propone Rajoy, pero me juego los empastes que si el PP o cualquiera abole (como se conjugue eso) el canon, seguro que lo har\u00e1 aboliendo a la vez el derecho a copia privada sin \u00e1nimo de lucro.<\/p>\n<p>Y entonces, agggg, vino a mi cabeza esta estrofa de \u00abLa Haine\u00bb, canci\u00f3n del grupo Asian Dub Foundation, en la que hablando de las manifestaciones contra la OMC y similares y simulando lo que pasa por la cabeza de un activista radical a cuyo compa\u00f1ero de protesta acaba de medio masacrar un poli y \u00e9l tiene a otro uniformado acorralado, solito y desarmado, y el activista con ganas de machacarle la cabeza, nos dice:<\/p>\n<p>Are you a spanner in the works or part of the plan<br \/>Are you biting or shaking the invisible hand<\/p>\n<p>(\u00bferes el palo en la rueda o eres parte del plan?<br \/>\u00bfest\u00e1s mordiendo o estrechando la mano invisible?<\/p>\n<p>notas de la traducci\u00f3n, lo de la mano es la referencia a la mano invisible de Adam Smith, el padre del capitalismo, que en sus teor\u00edas del siglo XVIII aseguraba que para un buen funcionamiento del mercado hay que evitar el intervencionismo, porque las propias fuerzas del mercado, como una mano invisible, har\u00e1n que todo funcione a la perfecci\u00f3n. Vamos, que la mano invisible es el capitalismo. Y en la canci\u00f3n, lo que se le plantea al chaval activista es que si parti\u00e9ndole la cara al poli no le est\u00e1 en realidad haciendo el juego al capitalismo radical contra el que protesta, al ayudarles a pintar a los altermundistas como una panda de descerebrados violentos)<\/p>\n<p>Concaten\u00e9 todas estas ideas y se me pusieron los pelos de punta. No ser\u00e1 esta loable denuncia a la SGAE lo que est\u00e1n esperando los que se lucran a lo bestia con el audivisual a costa de los artistas. No considerar\u00e1n estas grand\u00edsimas industrias de los medios y el entretenimiento que en realidad el canon es un fastidio y que lo deseable para ellos en Espa\u00f1a es abolir el derecho a copia privada sin \u00e1nimo de lucro, vamos, que quieran hacer que todas esas gilipolleces, falacias y puras mentiras que dicen \u00abno robar\u00e1s un bolso, no te bajar\u00e1s una canci\u00f3n con el emule\u00bb de repente se conviertan en realidad y que sea delito el compartir cultura??? Y no ser\u00e1 esta denuncia a la SGAE y una probable desmantelaci\u00f3n de la SGAE \u00abparte del plan\u00bb para alinearnos con otros pa\u00edses como EEUU y el Reino Unido, donde el intercambio de material por P2P s\u00ed est\u00e1 tipificado como delito???<\/p>\n<p>Me he quedado muy preocupada. Porque aquello de \u00abpiensa mal y acertar\u00e1s\u00bb suele funcionar conmigo.<\/p>\n","protected":false},"excerpt":{"rendered":"<p>Vale, s\u00ed, el t\u00edtulo del post es bastante raro, pero l\u00f3gico: es una simple asociaci\u00f3n de ideas que tuve y que me dieron miedo. Espero poder explicarme bien&#8230; Hoy, cuando abr\u00ed www.elpais.es, me llev\u00e9 la alegr\u00eda de ver en portada la noticia que la Asociaci\u00f3n de Internautas y otros colectivos de usuarios de la Red &hellip; <a href=\"https:\/\/lavigilanta.info\/?p=516\" class=\"more-link\">Seguir leyendo <span class=\"screen-reader-text\">La denuncia a la SGAE, el canon, Rajoy y Asian Dub Foundation<\/span> <span class=\"meta-nav\">&rarr;<\/span><\/a><\/p>\n","protected":false},"author":2,"featured_media":0,"comment_status":"open","ping_status":"open","sticky":false,"template":"","format":"standard","meta":[],"categories":[26],"tags":[],"_links":{"self":[{"href":"https:\/\/lavigilanta.info\/index.php?rest_route=\/wp\/v2\/posts\/516"}],"collection":[{"href":"https:\/\/lavigilanta.info\/index.php?rest_route=\/wp\/v2\/posts"}],"about":[{"href":"https:\/\/lavigilanta.info\/index.php?rest_route=\/wp\/v2\/types\/post"}],"author":[{"embeddable":true,"href":"https:\/\/lavigilanta.info\/index.php?rest_route=\/wp\/v2\/users\/2"}],"replies":[{"embeddable":true,"href":"https:\/\/lavigilanta.info\/index.php?rest_route=%2Fwp%2Fv2%2Fcomments&post=516"}],"version-history":[{"count":0,"href":"https:\/\/lavigilanta.info\/index.php?rest_route=\/wp\/v2\/posts\/516\/revisions"}],"wp:attachment":[{"href":"https:\/\/lavigilanta.info\/index.php?rest_route=%2Fwp%2Fv2%2Fmedia&parent=516"}],"wp:term":[{"taxonomy":"category","embeddable":true,"href":"https:\/\/lavigilanta.info\/index.php?rest_route=%2Fwp%2Fv2%2Fcategories&post=516"},{"taxonomy":"post_tag","embeddable":true,"href":"https:\/\/lavigilanta.info\/index.php?rest_route=%2Fwp%2Fv2%2Ftags&post=516"}],"curies":[{"name":"wp","href":"https:\/\/api.w.org\/{rel}","templated":true}]}}