{"id":515,"date":"2007-11-20T12:11:00","date_gmt":"2007-11-20T12:11:00","guid":{"rendered":"http:\/\/lavigilanta.info\/wordpress\/?p=515"},"modified":"2008-02-24T16:32:43","modified_gmt":"2008-02-24T23:32:43","slug":"la-ene-en-internet-articulo-en-el-azotador-de-xochimilco","status":"publish","type":"post","link":"https:\/\/lavigilanta.info\/?p=515","title":{"rendered":"La e\u00f1e en Internet: Art\u00edculo en El Azotador de Xochimilco"},"content":{"rendered":"<p><!-- Converted from text\/rtf format --><\/p>\n<p><span LANG=\"es\"><font SIZE=2 FACE=\"Arial\">Ah\u00ed va el \u00faltimo art\u00edculo que he escrito para el peri\u00f3dico quincenal mexicano El Azotador de Xochimilco.<\/font><\/span> <\/p>\n<p><b><span LANG=\"en-us\"><font FACE=\"Arial\">LA E\u00d1E EN INTERNET<\/font><\/span><\/b><span LANG=\"en-us\"><\/span> <\/p>\n<p><span LANG=\"en-us\"><font FACE=\"Arial\">El otro d\u00eda escuch\u00e9 una reflexi\u00f3n interesante durante la conferencia de un periodista especializado en temas de tecnolog\u00eda: si bien hay muchos ingenieros que nunca han le\u00eddo una obra de Shakespeare y muchos estudiosos de las letras que jam\u00e1s han utilizado una computadora, es muy triste que, mientras los primeros nunca mencionan ese hecho, ya que lo consideran una carencia cultural, hay demasiados escritores, abogados y literatos que presumen de su ignorancia sobre ciencia y tecnolog\u00eda, sobre su analfabetismo digital, como si eso los hiciera m\u00e1s \u201ccultos\u201d (la verdad es que presumir de falta de conocimientos es simplemente cosa de est\u00fapidos).<\/font><\/span><\/p>\n<p><span LANG=\"en-us\"><font FACE=\"Arial\">Al o\u00edr esas palabras no pude dejar de acordarme de la que hasta hace escasos meses fue la ministra de cultura en Espa\u00f1a, Carmen Calvo. Hace poco m\u00e1s de un a\u00f1o tuvo la brillante idea de comunicar a los medios de comunicaci\u00f3n que, aprovechando la concesi\u00f3n del premio Pr\u00edncipe de Asturias al fundador de Microsoft, Bill Gates, iba a pedirle \u201cque pusiera el dominio de la e\u00f1e en Internet\u201d. Cuando o\u00ed semejante afirmaci\u00f3n no pude sino echarme las manos a la cabeza. Lo primero, porque Internet, que como ya bien saben nuestros lectores es una red de redes de computadoras, no es propiedad de Microsoft, por lo que poco podr\u00eda hacer Bill Gates al respecto. Y lo segundo, porque \u201cpedir el dominio de la e\u00f1e\u201d, dicho as\u00ed, no tiene ning\u00fan sentido. \u00bfQuer\u00eda quiz\u00e1s la ministra que se creara <\/font><\/span><a HREF=\"file:\/\/www.\u00f1.com\"><span LANG=\"en-us\"><u><font COLOR=\"#0000FF\" FACE=\"Arial\">www.\u00f1.com<\/font><\/u><\/span><\/a><span LANG=\"en-us\"><font FACE=\"Arial\">?\u00a0 (finalmente, Bill Gates ni siquiera se present\u00f3 para recoger su premio). Pens\u00e9 que de nuevo la m\u00e1xima responsable de la cultura en Espa\u00f1a demostraba su total desconocimiento sobre el invento m\u00e1s revolucionario en la transmisi\u00f3n de conocimiento y cultura de los \u00faltimos siglos, Internet, y que la cosa no pasar\u00eda de ser un desafortunado titular en prensa.<\/font><\/span><\/p>\n<p><span LANG=\"en-us\"><font FACE=\"Arial\">Cu\u00e1l fue mi sorpresa a principios de octubre de este a\u00f1o cuando el gobierno espa\u00f1ol anunci\u00f3 que a partir de entonces se pod\u00eda usar la letra e\u00f1e en los nombres de dominio de Internet, y que esto iba a ser un hecho determinante para el avance de la Sociedad de la Informaci\u00f3n para los pa\u00edses de habla hispana. La prensa espa\u00f1ola se llen\u00f3 por un d\u00eda de titulares optimistas, la noticia supon\u00eda un gran impulso para la lengua y la cultura espa\u00f1ola. El director de la Real Academia de la Lengua, V\u00edctor de la Concha, exclam\u00f3 que \u201cera un gran paso para el espa\u00f1ol\u201d que nuestra lengua pudiera tener presencia en Internet. Los medios de comunicaci\u00f3n mexicanos y argentinos tambi\u00e9n se hicieron eco de la noticia en t\u00e9rminos similares. Seguro que ustedes tambi\u00e9n han o\u00eddo hablar del tema.<\/font><\/span><\/p>\n<p><span LANG=\"en-us\"><font FACE=\"Arial\">Pues bien: Decir que el espa\u00f1ol no estaba en Internet hasta octubre del 2007 es una grand\u00edsima tonter\u00eda. Desde mucho antes existen miles y miles de p\u00e1ginas Web en espa\u00f1ol, y todas ellas contienen palabras perfectamente escritas, con sus e\u00f1es, con sus acentos. Millones de personas leemos las versiones digitales de nuestros peri\u00f3dicos favoritos. En perfecto espa\u00f1ol se venden todo tipo de art\u00edculos por Internet. Cada d\u00eda nos mandamos correos electr\u00f3nicos por Internet en nuestro idioma. Quien estas l\u00edneas escribe public\u00f3 su primera p\u00e1gina Web hace m\u00e1s de 12 a\u00f1os, y lo hizo con las e\u00f1es, con las di\u00e9resis, con los acentos que tocaban en las palabras empleadas. <\/font><\/span><\/p>\n<p><span LANG=\"en-us\"><font FACE=\"Arial\">Esta reforma que nos intentan hacer creer que es tan novedosa, rompedora y sin la cual el espa\u00f1ol no tiene futuro en la Red, solamente afecta a las direcciones Web (o nombres de dominio). La direcci\u00f3n de una p\u00e1gina Web es el nombre que usamos para acceder a una Web determinada. La tan cacareada noticia solamente nos dice que ya se pueden usar caracteres especiales en estas direcciones. Gentileza del gobierno de Espa\u00f1a.<\/font><\/span><\/p>\n<p><span LANG=\"en-us\"><font FACE=\"Arial\">La verdad es que poco o nada tiene que ver el gobierno de Zapatero en este asunto. Resulta que desde hace ya varios a\u00f1os el organismo supranacional que se encarga de controlar estos nombres de dominios, el \u00fanico organismo que ejerce un cierto control sobre Internet, el ICANN, est\u00e1 trabajando para garantizar la multiculturalidad y pluriling\u00fcismo de un medio como Internet, que nace con una aut\u00e9ntica vocaci\u00f3n de universalidad y que no quiere que haya naciones que se queden fuera de ella por problemas de idioma. Como ustedes bien saben, nosotros, como los anglosajones, utilizamos el alfabeto latino, con la diferencia de que adem\u00e1s contamos con un peque\u00f1o n\u00famero de letras \u201cespeciales\u201d (como son la ya famosa e\u00f1e y las vocales acentuadas o con di\u00e9resis). Pero hay much\u00edsimos idiomas que no se escriben con nuestro alfabeto. Los rusos utilizan el alfabeto cir\u00edlico, que como el nuestro, tambi\u00e9n deriva del griego. Los griegos, como pueden imaginar, utilizan el suyo propio. Los \u00e1rabes usan un espl\u00e9ndido y art\u00edstico alfabeto, que aunque se parezca, nada tiene que ver con el persa. En India utilizan hasta \u00a1\u00a1diecisiete!! alfabetos diferentes para los m\u00e1s de 100 idiomas que se hablan en dicho pa\u00eds. Y los chinos en realidad hablan multitud de idiomas incomprensibles entre s\u00ed cuyo \u00fanico nexo com\u00fan es la escritura, no basada en un alfabeto, ya que cada palabra se representa por un pictograma (dibujo) diferente. Pues bien, en el 2004 el ICANN se puso manos a la obra en una reforma a la manera en que se asignan y se registran los nombres de domino (direcciones Web) para poder utilizar letras correspondientes a muchos de los alfabetos utilizados en el mundo. Incluir la e\u00f1e y nuestros acentos fue resultado de esta reforma. El esfuerzo, pues, lo realizaron cient\u00edficos y t\u00e9cnicos de la comunidad internacional, no un grupo de pol\u00edticos. <\/font><\/span><\/p>\n<p><span LANG=\"en-us\"><font FACE=\"Arial\">Adem\u00e1s, el gobierno espa\u00f1ol tampoco fue el primero en poner en la pr\u00e1ctica esta nueva posibilidad de uso de la e\u00f1e. Fue el gobierno chileno quien, en 2005, puso a la disposici\u00f3n del p\u00fablico los dominios con caracteres especiales. Y ya para rematarlo, poner a tu p\u00e1gina Web un nombre con e\u00f1e es condenarla a que solamente la puedan conocer personas que disponen de una computadora con la letra e\u00f1e en el teclado. Recuerden que nadie en EU, en Inglaterra, Francia, Alemania, China, Brasil, etc. dispone de esa letra en su computadora. Y adem\u00e1s, les digo que este asunto de la e\u00f1e no acaba de funcionar bien. Intenten acceder a <\/font><\/span><a HREF=\"file:\/\/www.espa\u00f1a.es\"><span LANG=\"en-us\"><u><font COLOR=\"#0000FF\" FACE=\"Arial\">www.espa\u00f1a.es<\/font><\/u><\/span><\/a><span LANG=\"en-us\"><font FACE=\"Arial\">. Aunque la p\u00e1gina existe, yo todav\u00eda no he podido verla. La belleza de Internet, lo hemos dicho muchas veces en el Azotador, es que permite que la informaci\u00f3n fluya a todos los rincones del planeta. Les sorprender\u00eda conocer, por ejemplo, el origen de las visitas a la Web de El Azotador. La gran mayor\u00eda son habitantes del Valle de M\u00e9xico, pero tambi\u00e9n hay muchas personas de otros lugares, incluso pa\u00edses, que buscando informaci\u00f3n sobre Xochimilco han le\u00eddo hasta estas p\u00e1ginas. \u00bfTendr\u00eda alg\u00fan sentido negarles el acceso solo por poner una e\u00f1e en la direcci\u00f3n Web? <\/font><\/span><\/p>\n<p><span LANG=\"en-us\"><font FACE=\"Arial\">Lo triste del caso es que muchas personas de verdad se han cre\u00eddo que esto de la e\u00f1e es un asunto crucial para el desarrollo de la Sociedad de la Informaci\u00f3n. Pod\u00edan haberse gastado el dinero de la campa\u00f1a medi\u00e1tica de la e\u00f1e en apoyar los programas de alfabetizaci\u00f3n digital. Pero en Espa\u00f1a ya se ha entrado en la precampa\u00f1a electoral y se prefieren los golpes de efecto electoralistas.<\/font><\/span><\/p>\n","protected":false},"excerpt":{"rendered":"<p>Ah\u00ed va el \u00faltimo art\u00edculo que he escrito para el peri\u00f3dico quincenal mexicano El Azotador de Xochimilco. LA E\u00d1E EN INTERNET El otro d\u00eda escuch\u00e9 una reflexi\u00f3n interesante durante la conferencia de un periodista especializado en temas de tecnolog\u00eda: si bien hay muchos ingenieros que nunca han le\u00eddo una obra de Shakespeare y muchos estudiosos &hellip; <a href=\"https:\/\/lavigilanta.info\/?p=515\" class=\"more-link\">Seguir leyendo <span class=\"screen-reader-text\">La e\u00f1e en Internet: Art\u00edculo en El Azotador de Xochimilco<\/span> <span class=\"meta-nav\">&rarr;<\/span><\/a><\/p>\n","protected":false},"author":2,"featured_media":0,"comment_status":"open","ping_status":"open","sticky":false,"template":"","format":"standard","meta":[],"categories":[82,96],"tags":[],"_links":{"self":[{"href":"https:\/\/lavigilanta.info\/index.php?rest_route=\/wp\/v2\/posts\/515"}],"collection":[{"href":"https:\/\/lavigilanta.info\/index.php?rest_route=\/wp\/v2\/posts"}],"about":[{"href":"https:\/\/lavigilanta.info\/index.php?rest_route=\/wp\/v2\/types\/post"}],"author":[{"embeddable":true,"href":"https:\/\/lavigilanta.info\/index.php?rest_route=\/wp\/v2\/users\/2"}],"replies":[{"embeddable":true,"href":"https:\/\/lavigilanta.info\/index.php?rest_route=%2Fwp%2Fv2%2Fcomments&post=515"}],"version-history":[{"count":0,"href":"https:\/\/lavigilanta.info\/index.php?rest_route=\/wp\/v2\/posts\/515\/revisions"}],"wp:attachment":[{"href":"https:\/\/lavigilanta.info\/index.php?rest_route=%2Fwp%2Fv2%2Fmedia&parent=515"}],"wp:term":[{"taxonomy":"category","embeddable":true,"href":"https:\/\/lavigilanta.info\/index.php?rest_route=%2Fwp%2Fv2%2Fcategories&post=515"},{"taxonomy":"post_tag","embeddable":true,"href":"https:\/\/lavigilanta.info\/index.php?rest_route=%2Fwp%2Fv2%2Ftags&post=515"}],"curies":[{"name":"wp","href":"https:\/\/api.w.org\/{rel}","templated":true}]}}