{"id":514,"date":"2007-11-20T10:41:00","date_gmt":"2007-11-20T10:41:00","guid":{"rendered":"http:\/\/lavigilanta.info\/wordpress\/?p=514"},"modified":"2008-02-24T16:33:25","modified_gmt":"2008-02-24T23:33:25","slug":"no-creo-lo-que-leo-ley-espanola-que-aprueba-la-cesion-de-datos-personales-de-la-admon-publica-a-empresas-privadas","status":"publish","type":"post","link":"https:\/\/lavigilanta.info\/?p=514","title":{"rendered":"No creo lo que leo: Ley espa\u00f1ola que aprueba la cesi\u00f3n de datos personales de la admon p\u00fablica a empresas privadas!!!!!!!!!!!!!!!!!!!!!!!!!"},"content":{"rendered":"<p><!-- Converted from text\/rtf format -->  <\/p>\n<p><a HREF=\"http:\/\/www.boe.es\/g\/es\/bases_datos\/doc.php?coleccion=iberlex&#038;id=2007\/19814&#038;txtlen=1000\"><u><font COLOR=\"#0000FF\" FACE=\"Arial\">http:\/\/www.boe.es\/g\/es\/bases_datos\/doc.php?coleccion=iberlex&#038;id=2007\/19814&#038;txtlen=1000<\/font><\/u><\/a> <\/p>\n<p><font FACE=\"Arial\">Ah\u00ed va el link al Bolet\u00edn Oficial del Estado. Paso a copiar y pegar parte del pre\u00e1mbulo de la ley: regula la cesi\u00f3n de los datos personales recopilados por la administraci\u00f3n p\u00fablica a empresas privadas!!!!!!!!!!!!!!!!!!!!!<\/font><\/p>\n<p><b><span LANG=\"es\"><font FACE=\"Times New Roman\">La informaci\u00f3n generada desde las instancias p\u00fablicas<\/font><\/span><\/b><span LANG=\"es\"><font FACE=\"Times New Roman\">, con la potencialidad que le otorga el desarrollo de la sociedad de la informaci\u00f3n<\/font><b><font FACE=\"Times New Roman\">, posee un gran inter\u00e9s para las empresas a la hora de operar en sus \u00e1mbitos de actuaci\u00f3n, contribuir al crecimiento econ\u00f3mico y la creaci\u00f3n de empleo<\/font><\/b><font FACE=\"Times New Roman\">, y para los ciudadanos como elemento de transparencia y gu\u00eda para la participaci\u00f3n democr\u00e1tica. Recogiendo ambas aspiraciones la Directiva 2003\/98\/CE, de 17 de noviembre de 2003, del Parlamento Europeo y del Consejo, relativa a la reutilizaci\u00f3n de la informaci\u00f3n del sector p\u00fablico, se adopt\u00f3 con la finalidad de explotar el potencial de informaci\u00f3n del sector p\u00fablico y superar las barreras de un mercado europeo fragmentado estableciendo unos criterios homog\u00e9neos, asentados en condiciones equitativas, proporcionadas y no discriminatorias para el tratamiento de la informaci\u00f3n susceptible de ser reutilizada por personas f\u00edsicas o jur\u00eddicas. <\/font><\/span><\/p>\n<p><span LANG=\"en-us\"><font FACE=\"Arial\">Qu\u00e9 morro, qu\u00e9 demagogia. Ceden nuestros datos personales a empresas \u00abpara contribuir a la creaci\u00f3n de empleo\u00bb. Hay que joderse.<\/font><\/span><\/p>\n","protected":false},"excerpt":{"rendered":"<p>http:\/\/www.boe.es\/g\/es\/bases_datos\/doc.php?coleccion=iberlex&#038;id=2007\/19814&#038;txtlen=1000 Ah\u00ed va el link al Bolet\u00edn Oficial del Estado. Paso a copiar y pegar parte del pre\u00e1mbulo de la ley: regula la cesi\u00f3n de los datos personales recopilados por la administraci\u00f3n p\u00fablica a empresas privadas!!!!!!!!!!!!!!!!!!!!! La informaci\u00f3n generada desde las instancias p\u00fablicas, con la potencialidad que le otorga el desarrollo de la sociedad de &hellip; <a href=\"https:\/\/lavigilanta.info\/?p=514\" class=\"more-link\">Seguir leyendo <span class=\"screen-reader-text\">No creo lo que leo: Ley espa\u00f1ola que aprueba la cesi\u00f3n de datos personales de la admon p\u00fablica a empresas privadas!!!!!!!!!!!!!!!!!!!!!!!!!<\/span> <span class=\"meta-nav\">&rarr;<\/span><\/a><\/p>\n","protected":false},"author":2,"featured_media":0,"comment_status":"open","ping_status":"open","sticky":false,"template":"","format":"standard","meta":[],"categories":[42,54,87,120],"tags":[],"_links":{"self":[{"href":"https:\/\/lavigilanta.info\/index.php?rest_route=\/wp\/v2\/posts\/514"}],"collection":[{"href":"https:\/\/lavigilanta.info\/index.php?rest_route=\/wp\/v2\/posts"}],"about":[{"href":"https:\/\/lavigilanta.info\/index.php?rest_route=\/wp\/v2\/types\/post"}],"author":[{"embeddable":true,"href":"https:\/\/lavigilanta.info\/index.php?rest_route=\/wp\/v2\/users\/2"}],"replies":[{"embeddable":true,"href":"https:\/\/lavigilanta.info\/index.php?rest_route=%2Fwp%2Fv2%2Fcomments&post=514"}],"version-history":[{"count":0,"href":"https:\/\/lavigilanta.info\/index.php?rest_route=\/wp\/v2\/posts\/514\/revisions"}],"wp:attachment":[{"href":"https:\/\/lavigilanta.info\/index.php?rest_route=%2Fwp%2Fv2%2Fmedia&parent=514"}],"wp:term":[{"taxonomy":"category","embeddable":true,"href":"https:\/\/lavigilanta.info\/index.php?rest_route=%2Fwp%2Fv2%2Fcategories&post=514"},{"taxonomy":"post_tag","embeddable":true,"href":"https:\/\/lavigilanta.info\/index.php?rest_route=%2Fwp%2Fv2%2Ftags&post=514"}],"curies":[{"name":"wp","href":"https:\/\/api.w.org\/{rel}","templated":true}]}}