{"id":508,"date":"2007-11-15T21:10:00","date_gmt":"2007-11-15T21:10:00","guid":{"rendered":"http:\/\/lavigilanta.info\/wordpress\/?p=508"},"modified":"2007-11-15T21:10:00","modified_gmt":"2007-11-15T21:10:00","slug":"leones-por-corderos","status":"publish","type":"post","link":"https:\/\/lavigilanta.info\/?p=508","title":{"rendered":"Leones por corderos"},"content":{"rendered":"<p>Anoche fui al cine a ver Leones por corderos, la \u00faltima pel\u00edcula de Robert Redford protagonizada por \u00e9l mismo, Tom Cruise y Meryl Streep. Sab\u00eda que era cr\u00edtica con el momento pol\u00edtico y social actual en Estados Unidos (y por extensi\u00f3n en el mundo occidental y acomodado) y hab\u00eda le\u00eddo un par de muy buenas cr\u00edticas. Pero no me esper\u00e9 el impacto que finalmente tuvo la pel\u00edcula en m\u00ed. Un golpet\u00f3n fuerte, seco, en pleno plexo solar, que todav\u00eda me tiene entre alelada, pensativa, sin aire en los pulmones. 24 horas despu\u00e9s de verla.<\/p>\n<p>Y eso que me considero una persona con los ojitos bien abiertos y razonablemente informada sobre el mundo en que vivo y bastante cr\u00edtica con \u00e9l, por cierto.<\/p>\n<p>No os digo m\u00e1s. Os invito a verla (en Barcelona y entre semana con el carnet de la biblioteca hacen descuento en las salas de versi\u00f3n original Yelmo Icaria y salas Verdi, hace m\u00e1s accesible el precio prohibitivo del cine en mi ciudad) y ya me contar\u00e9is.<\/p>\n<p>\u201cNunca se hab\u00edan visto semejantes leones (soldados rasos\/ciudadanos) liderados por semejantes corderos (generales\/los que ostentan el poder)\u201d.<\/p>\n","protected":false},"excerpt":{"rendered":"<p>Anoche fui al cine a ver Leones por corderos, la \u00faltima pel\u00edcula de Robert Redford protagonizada por \u00e9l mismo, Tom Cruise y Meryl Streep. Sab\u00eda que era cr\u00edtica con el momento pol\u00edtico y social actual en Estados Unidos (y por extensi\u00f3n en el mundo occidental y acomodado) y hab\u00eda le\u00eddo un par de muy buenas &hellip; <a href=\"https:\/\/lavigilanta.info\/?p=508\" class=\"more-link\">Seguir leyendo <span class=\"screen-reader-text\">Leones por corderos<\/span> <span class=\"meta-nav\">&rarr;<\/span><\/a><\/p>\n","protected":false},"author":2,"featured_media":0,"comment_status":"open","ping_status":"open","sticky":false,"template":"","format":"standard","meta":[],"categories":[32],"tags":[],"_links":{"self":[{"href":"https:\/\/lavigilanta.info\/index.php?rest_route=\/wp\/v2\/posts\/508"}],"collection":[{"href":"https:\/\/lavigilanta.info\/index.php?rest_route=\/wp\/v2\/posts"}],"about":[{"href":"https:\/\/lavigilanta.info\/index.php?rest_route=\/wp\/v2\/types\/post"}],"author":[{"embeddable":true,"href":"https:\/\/lavigilanta.info\/index.php?rest_route=\/wp\/v2\/users\/2"}],"replies":[{"embeddable":true,"href":"https:\/\/lavigilanta.info\/index.php?rest_route=%2Fwp%2Fv2%2Fcomments&post=508"}],"version-history":[{"count":0,"href":"https:\/\/lavigilanta.info\/index.php?rest_route=\/wp\/v2\/posts\/508\/revisions"}],"wp:attachment":[{"href":"https:\/\/lavigilanta.info\/index.php?rest_route=%2Fwp%2Fv2%2Fmedia&parent=508"}],"wp:term":[{"taxonomy":"category","embeddable":true,"href":"https:\/\/lavigilanta.info\/index.php?rest_route=%2Fwp%2Fv2%2Fcategories&post=508"},{"taxonomy":"post_tag","embeddable":true,"href":"https:\/\/lavigilanta.info\/index.php?rest_route=%2Fwp%2Fv2%2Ftags&post=508"}],"curies":[{"name":"wp","href":"https:\/\/api.w.org\/{rel}","templated":true}]}}