{"id":502,"date":"2007-10-25T11:31:00","date_gmt":"2007-10-25T11:31:00","guid":{"rendered":"http:\/\/lavigilanta.info\/wordpress\/?p=502"},"modified":"2008-02-24T16:45:53","modified_gmt":"2008-02-24T23:45:53","slug":"la-videovigilancia-y-la-privacidad-caso-estaba-borracho-neng","status":"publish","type":"post","link":"https:\/\/lavigilanta.info\/?p=502","title":{"rendered":"La videovigilancia y la privacidad &#8211; caso &#34;estaba borracho, neng&#34;"},"content":{"rendered":"<p><!-- Converted from text\/rtf format -->  <\/p>\n<p><font FACE=\"Arial\">Todos tenemos presentes la horrible agresi\u00f3n, captada a trav\u00e9s de las c\u00e1maras de videovigilancia, del imb\u00e9cil de Santa Coloma de Cervell\u00f3 que le peg\u00f3 una patada en la cara a una adolescente ecuatoriana a gritos de \u00ab\u00a1inmigrante! \u00a1inmigrante!\u00bb y que el d\u00eda siguiente se disculp\u00f3 con un \u00abno me acuerdo de nada, estaba borracho y punto, neng\u00bb. Por no explayarme demasiado, solo dir\u00e9 que a este chico habr\u00eda que detenerle y hacerle pasar una noche en la c\u00e1rcel con un par de compa\u00f1eros de celda que tambi\u00e9n est\u00e9n \u00abborrachos para que al d\u00eda siguiente no se acuerden de nada\u00bb. Pero hoy quiero hablar del otro chico del video, el que ni se inmuta ante los hechos que presencia.<\/font><\/p>\n<p><font FACE=\"Arial\">Leo en La Vanguardia que esta persona ha puesto denuncia ante la polic\u00eda auton\u00f3mica catalana porque su rostro sali\u00f3 en la cinta de videovigilancia, y por ende en la tele y en todos los medios de comunicaci\u00f3n de medio mundo. Sus vecinos lo han reconocido y ahora cuando va por la calle le increpan su apat\u00eda y le llaman cobarde (y seguro que otras cosas mucho m\u00e1s desagradables). Esta persona denuncia que no se ofuscara su rostro en la filmaci\u00f3n (tal y como s\u00ed hicieron con la v\u00edctima), que se violara su privacidad, y esto est\u00e1 afectando su imagen y su vida cotidiana. Un infierno, vaya.<\/font><\/p>\n<p><font FACE=\"Arial\">Desde luego que lo que (no) hizo el testigo es totalmente despreciable \u00abvisto desde la comodidad de mi sof\u00e1\u00bb. Pero si nos lo replanteamos en vivo y en directo, \u00bfqui\u00e9n le pone el cascabel al gato? \u00bfQui\u00e9n se encara con un tipo de tu altura, corpulencia y quiz\u00e1s una navaja en el bolsillo que se muesta as\u00ed de violento? \u00bfQui\u00e9n soy yo para decir que el tipo es un cobarde? \u00bfC\u00f3mo puedo saber la naturaleza de su estancia en el pa\u00eds? Si las autoridades insisten en catalogar a ciertos conciudadanos como \u00abilegales\u00bb y \u00abextraditables\u00bb, \u00bfqui\u00e9n soy yo para reprocharle a alguien no querer \u00abmeterse en l\u00edos\u00bb? Hay ciertas situaciones que fomentan el individualismo y ego\u00edsmo en nuestra sociedad, y este es un ejemplo bien claro: que por defender a alguien te pase algo malo a ti.<\/font><\/p>\n<p><font FACE=\"Arial\">Para este hombre el impacto de la videovigilancia en su privacidad s\u00ed ha supuesto una degradaci\u00f3n en su calidad de vida. \u00bfDecidir\u00e1 el juez que alguien es culpable de la filtraci\u00f3n del video? \u00bfDe la escasez en el pixeleo de su rostro? \u00bfPodr\u00e1 ejercer sus derechos ante el propietario del fichero de datos? Y ya de paso, \u00bf\u00bf\u00bfQu\u00e9 significa ejercer tus derechos ante el propietario del fichero de datos en una grabaci\u00f3n de videovigilancia???<\/font><\/p>\n<p><a HREF=\"http:\/\/www.lavanguardia.es\/lv24h\/20071025\/53405626272.html\"><u><font COLOR=\"#0000FF\" FACE=\"Arial\">http:\/\/www.lavanguardia.es\/lv24h\/20071025\/53405626272.html<\/font><\/u><\/a> <\/p>\n","protected":false},"excerpt":{"rendered":"<p>Todos tenemos presentes la horrible agresi\u00f3n, captada a trav\u00e9s de las c\u00e1maras de videovigilancia, del imb\u00e9cil de Santa Coloma de Cervell\u00f3 que le peg\u00f3 una patada en la cara a una adolescente ecuatoriana a gritos de \u00ab\u00a1inmigrante! \u00a1inmigrante!\u00bb y que el d\u00eda siguiente se disculp\u00f3 con un \u00abno me acuerdo de nada, estaba borracho y &hellip; <a href=\"https:\/\/lavigilanta.info\/?p=502\" class=\"more-link\">Seguir leyendo <span class=\"screen-reader-text\">La videovigilancia y la privacidad &#8211; caso &#34;estaba borracho, neng&#34;<\/span> <span class=\"meta-nav\">&rarr;<\/span><\/a><\/p>\n","protected":false},"author":2,"featured_media":0,"comment_status":"open","ping_status":"open","sticky":false,"template":"","format":"standard","meta":[],"categories":[54,120,153],"tags":[],"_links":{"self":[{"href":"https:\/\/lavigilanta.info\/index.php?rest_route=\/wp\/v2\/posts\/502"}],"collection":[{"href":"https:\/\/lavigilanta.info\/index.php?rest_route=\/wp\/v2\/posts"}],"about":[{"href":"https:\/\/lavigilanta.info\/index.php?rest_route=\/wp\/v2\/types\/post"}],"author":[{"embeddable":true,"href":"https:\/\/lavigilanta.info\/index.php?rest_route=\/wp\/v2\/users\/2"}],"replies":[{"embeddable":true,"href":"https:\/\/lavigilanta.info\/index.php?rest_route=%2Fwp%2Fv2%2Fcomments&post=502"}],"version-history":[{"count":0,"href":"https:\/\/lavigilanta.info\/index.php?rest_route=\/wp\/v2\/posts\/502\/revisions"}],"wp:attachment":[{"href":"https:\/\/lavigilanta.info\/index.php?rest_route=%2Fwp%2Fv2%2Fmedia&parent=502"}],"wp:term":[{"taxonomy":"category","embeddable":true,"href":"https:\/\/lavigilanta.info\/index.php?rest_route=%2Fwp%2Fv2%2Fcategories&post=502"},{"taxonomy":"post_tag","embeddable":true,"href":"https:\/\/lavigilanta.info\/index.php?rest_route=%2Fwp%2Fv2%2Ftags&post=502"}],"curies":[{"name":"wp","href":"https:\/\/api.w.org\/{rel}","templated":true}]}}