{"id":495,"date":"2007-10-18T08:35:00","date_gmt":"2007-10-18T08:35:00","guid":{"rendered":"http:\/\/lavigilanta.info\/wordpress\/?p=495"},"modified":"2008-08-19T17:42:12","modified_gmt":"2008-08-19T15:42:12","slug":"los-ministerios-de-industria-e-incultura-ultiman-los-detalles-del-canon-digital","status":"publish","type":"post","link":"https:\/\/lavigilanta.info\/?p=495","title":{"rendered":"Los ministerios de Industria e (In)Cultura ultiman los detalles del canon digital"},"content":{"rendered":"<p><!-- Converted from text\/rtf format --><\/p>\n<p><a href=\"http:\/\/www.elpais.com\/articulo\/cultura\/canon\/digital\/gravara\/lapices\/memoria\/elpepucul\/20071018elpepicul_4\/Tes\"><span lang=\"es\"><span style=\"text-decoration: underline;\"><span style=\"color: #0000ff; font-family: Arial;\">http:\/\/www.elpais.com\/articulo\/cultura\/canon\/digital\/gravara\/lapices\/memoria\/elpepucul\/20071018elpepicul_4\/Tes<\/span><\/span><\/span><\/a><\/p>\n<p><span lang=\"es\"><span style=\"font-family: Arial;\">Y este canon va a incluir llaves USB (s\u00ed, eso que usas para llevar TUS ficheros a todas partes y que si cayese un mp3 de Ramonc\u00edn en \u00e9l considerar\u00edas que est\u00e1 contagiado por un virus y formatear\u00edas), discos duros, consumibles como CD&#8217;s y DVD&#8217;s, reproductores MP3 y hasta tel\u00e9fonos m\u00f3viles. <\/span><\/span><\/p>\n<p><span lang=\"es\"><span style=\"font-family: Arial;\">Cada vez que te compres alg\u00fan componente electr\u00f3nico, le vas a dar tu dinero a la $GAE, as\u00ed, por la cara, y sin posibilidad de que te devuelvan tu dinero si demuestras que usas la cosa para tus cosas, no para la mierda de m\u00fasica comercial que circula hoy en d\u00eda (yo ni la tocar\u00eda con un palo).<\/span><\/span><\/p>\n<p><span lang=\"es\"><span style=\"font-family: Arial;\">Si no fuera porque hay miles de emprendedores en el pa\u00eds que han invertido todo lo que tienen para montar sus tiendas de inform\u00e1tica (como las que en Barcelona se aglomeran en los alrededores de la C\/Sep\u00falveda desde hace 2 d\u00e9cadas), yo recomendar\u00eda que a partir de ahora, ni un aparato digital comprado en Espa\u00f1a. \u00a1Todos comprados en tiendas online extranjeras! Prefiero pagarle a DHL o a Correos, que a la $GAE.<\/span><\/span><\/p>\n<p><span lang=\"es\"><span style=\"font-family: Arial;\">Pero como hay miles de personas honestas y trabajadoras que se ver\u00edan afectados\u2026 pues no puedo recomendarlo.<\/span><\/span><\/p>\n<p><span lang=\"es\"><span style=\"font-family: Arial;\">Verg\u00fcenza le deber\u00eda dar al Gobierno, por favorecer a unos cuantos \u00abamigu\u00edsimos\u00bb, para que se puedan comprar \u00abun mont\u00f3n de Mercedes\u00bb, se van a \u00abcargar\u00bb un sector entero y llevar a la ruina a miles de familias.<\/span><\/span><\/p>\n<p><span lang=\"es\"><span style=\"font-family: Arial;\">M\u00e1s declaraciones rid\u00edculas de pseudo-artistas sobre el canon (incluyendo la de los mercedes de Alejandro Sanz): <\/span><\/span><a href=\"http:\/\/www.versvs.net\/anotacion\/miserables\"><span lang=\"es\"><span style=\"text-decoration: underline;\"><span style=\"color: #0000ff; font-family: Arial;\">http:\/\/www.versvs.net\/anotacion\/miserables<\/span><\/span><\/span><\/a><\/p>\n<p><span lang=\"es\"><span style=\"font-family: Arial;\">Si para la $GAE el canon son solo son unos c\u00e9ntimos miserables, \u00bfpor qu\u00e9 dan tanto por saco? (entrevista a Borau, el nuevo director septuagenario de la $GAE que no sabe usar un m\u00f3vil): <\/span><\/span><a href=\"http:\/\/www.elpais.com\/articulo\/revista\/agosto\/Jose\/Luis\/Borau\/elpepucul\/20070718elpepirdv_7\/Tes\"><span lang=\"es\"><span style=\"text-decoration: underline;\"><span style=\"color: #0000ff; font-family: Arial;\">http:\/\/www.elpais.com\/articulo\/revista\/agosto\/Jose\/Luis\/Borau\/elpepucul\/20070718elpepirdv_7\/Tes<\/span><\/span><\/span><\/a><\/p>\n","protected":false},"excerpt":{"rendered":"<p>http:\/\/www.elpais.com\/articulo\/cultura\/canon\/digital\/gravara\/lapices\/memoria\/elpepucul\/20071018elpepicul_4\/Tes Y este canon va a incluir llaves USB (s\u00ed, eso que usas para llevar TUS ficheros a todas partes y que si cayese un mp3 de Ramonc\u00edn en \u00e9l considerar\u00edas que est\u00e1 contagiado por un virus y formatear\u00edas), discos duros, consumibles como CD&#8217;s y DVD&#8217;s, reproductores MP3 y hasta tel\u00e9fonos m\u00f3viles. Cada vez que &hellip; <a href=\"https:\/\/lavigilanta.info\/?p=495\" class=\"more-link\">Seguir leyendo <span class=\"screen-reader-text\">Los ministerios de Industria e (In)Cultura ultiman los detalles del canon digital<\/span> <span class=\"meta-nav\">&rarr;<\/span><\/a><\/p>\n","protected":false},"author":2,"featured_media":0,"comment_status":"open","ping_status":"open","sticky":false,"template":"","format":"standard","meta":[],"categories":[26],"tags":[],"_links":{"self":[{"href":"https:\/\/lavigilanta.info\/index.php?rest_route=\/wp\/v2\/posts\/495"}],"collection":[{"href":"https:\/\/lavigilanta.info\/index.php?rest_route=\/wp\/v2\/posts"}],"about":[{"href":"https:\/\/lavigilanta.info\/index.php?rest_route=\/wp\/v2\/types\/post"}],"author":[{"embeddable":true,"href":"https:\/\/lavigilanta.info\/index.php?rest_route=\/wp\/v2\/users\/2"}],"replies":[{"embeddable":true,"href":"https:\/\/lavigilanta.info\/index.php?rest_route=%2Fwp%2Fv2%2Fcomments&post=495"}],"version-history":[{"count":2,"href":"https:\/\/lavigilanta.info\/index.php?rest_route=\/wp\/v2\/posts\/495\/revisions"}],"predecessor-version":[{"id":809,"href":"https:\/\/lavigilanta.info\/index.php?rest_route=\/wp\/v2\/posts\/495\/revisions\/809"}],"wp:attachment":[{"href":"https:\/\/lavigilanta.info\/index.php?rest_route=%2Fwp%2Fv2%2Fmedia&parent=495"}],"wp:term":[{"taxonomy":"category","embeddable":true,"href":"https:\/\/lavigilanta.info\/index.php?rest_route=%2Fwp%2Fv2%2Fcategories&post=495"},{"taxonomy":"post_tag","embeddable":true,"href":"https:\/\/lavigilanta.info\/index.php?rest_route=%2Fwp%2Fv2%2Ftags&post=495"}],"curies":[{"name":"wp","href":"https:\/\/api.w.org\/{rel}","templated":true}]}}