{"id":490,"date":"2007-10-11T11:07:00","date_gmt":"2007-10-11T11:07:00","guid":{"rendered":"http:\/\/lavigilanta.info\/wordpress\/?p=490"},"modified":"2008-08-19T17:53:59","modified_gmt":"2008-08-19T15:53:59","slug":"y-si-me-fotografian-y-distribuyen-mi-imagen-en-internet","status":"publish","type":"post","link":"https:\/\/lavigilanta.info\/?p=490","title":{"rendered":"Y si me fotograf\u00edan y distribuyen mi imagen en Internet?"},"content":{"rendered":"<p><!-- Converted from text\/rtf format --><\/p>\n<p><span lang=\"es\"><span style=\"font-family: Arial;\">Esta semana ha habido noticias relacionadas con los derechos de imagen de menores (a una ni\u00f1a la pusieron en la campa\u00f1a publicitaria de una conocida marca de ropa; un padre est\u00e1 intentando que se quite de YouTube un video en el que le dan una paliza a su hijo) y a muy buen tiempo la Asociaci\u00f3n de Internautas acaba de publicar una lista de consejos sobre qu\u00e9 hacer si se publica tu imagen en alguno de los medios de Internet.<\/span><\/span><\/p>\n<p><span lang=\"es\"><span style=\"font-family: Arial;\">El Pa\u00eds se hace eco de estos consejos en el siguiente art\u00edculo: <\/span><\/span><a href=\"http:\/\/www.elpais.com\/articulo\/sociedad\/puede\/hacer\/encuentra\/imagen\/Internet\/elpepusoc\/20071011elpepisoc_1\/Tes\"><span lang=\"es\"><span style=\"text-decoration: underline;\"><span style=\"color: #0000ff; font-family: Arial;\">http:\/\/www.elpais.com\/articulo\/sociedad\/puede\/hacer\/encuentra\/imagen\/Internet\/elpepusoc\/20071011elpepisoc_1\/Tes<\/span><\/span><\/span><\/a><span lang=\"es\"><span style=\"font-family: Arial;\"> <\/span><\/span><\/p>\n<p><span lang=\"es\"><span style=\"font-family: Arial;\">Resulta ser un buen manual de uso para al menos intentar proteger tu privacidad. Decimos intentar porque una vez algo se libera en Internet, dada la naturaleza de los bits y bytes, es pr\u00e1cticamente imposible pararlo si resulta de inter\u00e9s.<\/span><\/span><\/p>\n","protected":false},"excerpt":{"rendered":"<p>Esta semana ha habido noticias relacionadas con los derechos de imagen de menores (a una ni\u00f1a la pusieron en la campa\u00f1a publicitaria de una conocida marca de ropa; un padre est\u00e1 intentando que se quite de YouTube un video en el que le dan una paliza a su hijo) y a muy buen tiempo la &hellip; <a href=\"https:\/\/lavigilanta.info\/?p=490\" class=\"more-link\">Seguir leyendo <span class=\"screen-reader-text\">Y si me fotograf\u00edan y distribuyen mi imagen en Internet?<\/span> <span class=\"meta-nav\">&rarr;<\/span><\/a><\/p>\n","protected":false},"author":2,"featured_media":0,"comment_status":"open","ping_status":"open","sticky":false,"template":"","format":"standard","meta":[],"categories":[120],"tags":[],"_links":{"self":[{"href":"https:\/\/lavigilanta.info\/index.php?rest_route=\/wp\/v2\/posts\/490"}],"collection":[{"href":"https:\/\/lavigilanta.info\/index.php?rest_route=\/wp\/v2\/posts"}],"about":[{"href":"https:\/\/lavigilanta.info\/index.php?rest_route=\/wp\/v2\/types\/post"}],"author":[{"embeddable":true,"href":"https:\/\/lavigilanta.info\/index.php?rest_route=\/wp\/v2\/users\/2"}],"replies":[{"embeddable":true,"href":"https:\/\/lavigilanta.info\/index.php?rest_route=%2Fwp%2Fv2%2Fcomments&post=490"}],"version-history":[{"count":1,"href":"https:\/\/lavigilanta.info\/index.php?rest_route=\/wp\/v2\/posts\/490\/revisions"}],"predecessor-version":[{"id":814,"href":"https:\/\/lavigilanta.info\/index.php?rest_route=\/wp\/v2\/posts\/490\/revisions\/814"}],"wp:attachment":[{"href":"https:\/\/lavigilanta.info\/index.php?rest_route=%2Fwp%2Fv2%2Fmedia&parent=490"}],"wp:term":[{"taxonomy":"category","embeddable":true,"href":"https:\/\/lavigilanta.info\/index.php?rest_route=%2Fwp%2Fv2%2Fcategories&post=490"},{"taxonomy":"post_tag","embeddable":true,"href":"https:\/\/lavigilanta.info\/index.php?rest_route=%2Fwp%2Fv2%2Ftags&post=490"}],"curies":[{"name":"wp","href":"https:\/\/api.w.org\/{rel}","templated":true}]}}