{"id":478,"date":"2007-09-26T21:41:00","date_gmt":"2007-09-26T21:41:00","guid":{"rendered":"http:\/\/lavigilanta.info\/wordpress\/?p=478"},"modified":"2008-02-24T08:31:54","modified_gmt":"2008-02-24T15:31:54","slug":"cumbre-para-la-prosperidad-y-la-seguridad-spp-canada-agosto-2007-altermundialista-%c2%a1graba-tu-videomensaje-para-que-lo-vea-bush","status":"publish","type":"post","link":"https:\/\/lavigilanta.info\/?p=478","title":{"rendered":"Cumbre para la Prosperidad y la Seguridad (SPP), Canad\u00e1, Agosto 2007: altermundialista, \u00a1graba tu videomensaje para que lo vea Bush!"},"content":{"rendered":"<p>Leo, con bastante retraso, un art\u00edculo de Naomi Klein (autora de No Logo y su m\u00e1s reciente Vallas y Ventanas) sobre un extra\u00f1o acontecimiento ocurrido en Montebello, Qu\u00e9bec, Canad\u00e1, durante la cumbre de la alianza para la prosperidad y la seguridad de Norteam\u00e9rica, subcontinente compuesto por Canad\u00e1, Estados Unidos y M\u00e9xico, y que reun\u00eda a los m\u00e1s altos mandatarios de esos tres pa\u00edses.<\/p>\n<p>Pues bien, a los altermundialistas que se acercaron a esta localidad para expresar su opini\u00f3n, no les dejaron acercarse a menos de un kil\u00f3metro de Bush, pero s\u00ed se les \u00abgarantiz\u00f3 su derecho a la libertad de opini\u00f3n y expresi\u00f3n\u00bb mediante una carpa y unas c\u00e1maras para que quien as\u00ed lo desease pudiese grabar su \u00abmensajito\u00bb a Bush con la garant\u00eda de que dentro en el hotel-fortaleza donde se desarrollaba la reuni\u00f3n, iban a estar los presidentes de los tres pa\u00edses norteamericanos viendo todo lo que pasaba en dichas casetas.<\/p>\n<p>Naomi Klein realiza un r\u00e1pido an\u00e1lisis sobre esta curiosa manera de \u00abmanifestarse\u00bb. Yo a\u00f1ado que Canad\u00e1 es un poco como Galicia:<em> sitio distinto<\/em>. \u00bfD\u00f3nde se ha visto semejante deferencia hacia los descontentos con el sistema? En Barcelona la poli se li\u00f3 a palos con pac\u00edficos kumbay\u00e1s, en Seattle no te digo nada la que se li\u00f3, en G\u00e9nova le pegaron un tiro a un manifestante, que despu\u00e9s muri\u00f3&#8230; los canadienses, en cambio, \u00bfqu\u00e9 hacen? instalan un \u00abvideo-fotomat\u00f3n\u00bb para que puedan \u00abexpresarse\u00bb los revoltosos. M\u00e1s en la l\u00ednea de las democracias modernas: te dan derecho a expresarte, aunque no te hacen p* caso (pero te quedas contento o al menos, desahogado).<\/p>\n<p>El peri\u00f3dico <a href=\"http:\/\/www.jornada.unam.mx\">La Jornada<\/a> public\u00f3 una <a href=\"http:\/\/www.jornada.unam.mx\/2007\/08\/24\/index.php?section=opinion&#038;article=038a1mun\">traducci\u00f3n del art\u00edculo de Klein<\/a>, originalmente en ingl\u00e9s. Recomiendo su lectura.<\/p>\n","protected":false},"excerpt":{"rendered":"<p>Leo, con bastante retraso, un art\u00edculo de Naomi Klein (autora de No Logo y su m\u00e1s reciente Vallas y Ventanas) sobre un extra\u00f1o acontecimiento ocurrido en Montebello, Qu\u00e9bec, Canad\u00e1, durante la cumbre de la alianza para la prosperidad y la seguridad de Norteam\u00e9rica, subcontinente compuesto por Canad\u00e1, Estados Unidos y M\u00e9xico, y que reun\u00eda a &hellip; <a href=\"https:\/\/lavigilanta.info\/?p=478\" class=\"more-link\">Seguir leyendo <span class=\"screen-reader-text\">Cumbre para la Prosperidad y la Seguridad (SPP), Canad\u00e1, Agosto 2007: altermundialista, \u00a1graba tu videomensaje para que lo vea Bush!<\/span> <span class=\"meta-nav\">&rarr;<\/span><\/a><\/p>\n","protected":false},"author":2,"featured_media":0,"comment_status":"open","ping_status":"open","sticky":false,"template":"","format":"standard","meta":[],"categories":[66,116],"tags":[],"_links":{"self":[{"href":"https:\/\/lavigilanta.info\/index.php?rest_route=\/wp\/v2\/posts\/478"}],"collection":[{"href":"https:\/\/lavigilanta.info\/index.php?rest_route=\/wp\/v2\/posts"}],"about":[{"href":"https:\/\/lavigilanta.info\/index.php?rest_route=\/wp\/v2\/types\/post"}],"author":[{"embeddable":true,"href":"https:\/\/lavigilanta.info\/index.php?rest_route=\/wp\/v2\/users\/2"}],"replies":[{"embeddable":true,"href":"https:\/\/lavigilanta.info\/index.php?rest_route=%2Fwp%2Fv2%2Fcomments&post=478"}],"version-history":[{"count":0,"href":"https:\/\/lavigilanta.info\/index.php?rest_route=\/wp\/v2\/posts\/478\/revisions"}],"wp:attachment":[{"href":"https:\/\/lavigilanta.info\/index.php?rest_route=%2Fwp%2Fv2%2Fmedia&parent=478"}],"wp:term":[{"taxonomy":"category","embeddable":true,"href":"https:\/\/lavigilanta.info\/index.php?rest_route=%2Fwp%2Fv2%2Fcategories&post=478"},{"taxonomy":"post_tag","embeddable":true,"href":"https:\/\/lavigilanta.info\/index.php?rest_route=%2Fwp%2Fv2%2Ftags&post=478"}],"curies":[{"name":"wp","href":"https:\/\/api.w.org\/{rel}","templated":true}]}}