{"id":472,"date":"2007-09-20T15:52:00","date_gmt":"2007-09-20T15:52:00","guid":{"rendered":"http:\/\/lavigilanta.info\/wordpress\/?p=472"},"modified":"2007-09-20T15:52:00","modified_gmt":"2007-09-20T15:52:00","slug":"esto-no-es-contaminacion-es-calina-%c2%a1mentira-podrida-segun-informe-de-la-oms-barcelona-esta-mas-contaminada-que-mexico-df","status":"publish","type":"post","link":"https:\/\/lavigilanta.info\/?p=472","title":{"rendered":"Esto no es contaminaci\u00f3n, es calina. \u00a1Mentira podrida! Seg\u00fan informe de la OMS, Barcelona est\u00e1 m\u00e1s contaminada que M\u00e9xico DF"},"content":{"rendered":"<p><!-- Converted from text\/rtf format -->   <\/p>\n<p><font FACE=\"Arial\">Montones de veces, cuando oteo esa nata ros\u00e1cea en el horizonte de la ciudad que me vio nacer, la olisqueo y emito un &quot;\u00a1qu\u00e9 contaminaci\u00f3n hay!&quot;, siempre hay alguien que me dice: &quot;noo, esto no es contaminaci\u00f3n, es calina&quot;.<\/font><\/p>\n<p><font FACE=\"Arial\">\u00a1Y una leche! Seg\u00fan un informe de la OMS, Barcelona es la octava ciudad m\u00e1s contaminada del mundo. En este dudoso honor estamos por delante de Nueva York e incluso de Ciudad de M\u00e9xico, que tan mala prensa al respecto tiene la pobre. Seg\u00fan otro informe, si se redujese la contaminaci\u00f3n a niveles aceptables, se evitar\u00edan anualmente en la ciudad condal 1.200 muertes cuya causa directa son los malos humos (los literales, no los metaf\u00f3ricos) que respiramos.<\/font><\/p>\n<p><font FACE=\"Arial\">Despertemos, barceloneses. Tanto coche no es bueno. No se duerme bien por el ruido del tr\u00e1fico que nunca cesa. No se respira bien por el humo. El estr\u00e9s es insoportable con tanto tr\u00e1fico. Alucino de que mis conciudadanos sean tan contrarios a medidas para cortar de ra\u00edz con el problema que sufrimos todos los d\u00edas, como si no se dieran cuenta. No creo que en ning\u00fan sitio del mundo la puesta en marcha de un tranv\u00eda haya sido tan rechazada. Los valientes (casi suicidas) que hemos optado por el \u00fanico medio de transporte r\u00e1pido de contaminaci\u00f3n cero tenemos que oir d\u00eda s\u00ed, d\u00eda tambi\u00e9n en las conversaciones a pie de m\u00e1quina de caf\u00e9 que &quot;esta ciudad no est\u00e1 preparada para las bicicletas&quot;. Y el colmo ya es que gente que consideras con plenas facultades mentales se pavonee de no haber ido nunca en metro porque &quot;la gente apesta&quot;.<\/font><\/p>\n<p><font FACE=\"Arial\">Insisto: despierta, Barcelona. Ni la ciudad ni la ciudadan\u00eda est\u00e1 preparada para tanto coche, no est\u00e1 preparada para que la gente vaya al s\u00faper, al trabajo, a dejar a los ni\u00f1os al cole, al gimnasio, a por el pan, en coche, todos los d\u00edas, todos a la vez. Est\u00e1 afectando a nuestra salud. La f\u00edsica y la mental. Y nos puede salir muy caro:<u><b> nos puede costar la vida<\/b><\/u><b><\/b>.<\/font><\/p>\n<p><font FACE=\"Arial\">Fuentes: <\/font> <\/p>\n<p><font FACE=\"Arial\">Art\u00edculo en la vanguardia <\/font><a HREF=\"http:\/\/www.lavanguardia.es\/lv24h\/20070919\/53394776441.html\"><u><font COLOR=\"#0000FF\" FACE=\"Arial\">http:\/\/www.lavanguardia.es\/lv24h\/20070919\/53394776441.html<\/font><\/u><\/a>  <br \/><font FACE=\"Arial\">Definici\u00f3n de calina en el diccionario de la RAE: <\/font><a HREF=\"http:\/\/buscon.rae.es\/draeI\/SrvltConsulta?TIPO_BUS=3&amp;LEMA=calina\"><u><font COLOR=\"#0000FF\" FACE=\"Arial\">http:\/\/buscon.rae.es\/draeI\/SrvltConsulta?TIPO_BUS=3&amp;LEMA=calina<\/font><\/u><\/a> <\/p>\n","protected":false},"excerpt":{"rendered":"<p>Montones de veces, cuando oteo esa nata ros\u00e1cea en el horizonte de la ciudad que me vio nacer, la olisqueo y emito un &quot;\u00a1qu\u00e9 contaminaci\u00f3n hay!&quot;, siempre hay alguien que me dice: &quot;noo, esto no es contaminaci\u00f3n, es calina&quot;. \u00a1Y una leche! Seg\u00fan un informe de la OMS, Barcelona es la octava ciudad m\u00e1s contaminada &hellip; <a href=\"https:\/\/lavigilanta.info\/?p=472\" class=\"more-link\">Seguir leyendo <span class=\"screen-reader-text\">Esto no es contaminaci\u00f3n, es calina. \u00a1Mentira podrida! Seg\u00fan informe de la OMS, Barcelona est\u00e1 m\u00e1s contaminada que M\u00e9xico DF<\/span> <span class=\"meta-nav\">&rarr;<\/span><\/a><\/p>\n","protected":false},"author":2,"featured_media":0,"comment_status":"open","ping_status":"open","sticky":false,"template":"","format":"standard","meta":[],"categories":[1],"tags":[],"_links":{"self":[{"href":"https:\/\/lavigilanta.info\/index.php?rest_route=\/wp\/v2\/posts\/472"}],"collection":[{"href":"https:\/\/lavigilanta.info\/index.php?rest_route=\/wp\/v2\/posts"}],"about":[{"href":"https:\/\/lavigilanta.info\/index.php?rest_route=\/wp\/v2\/types\/post"}],"author":[{"embeddable":true,"href":"https:\/\/lavigilanta.info\/index.php?rest_route=\/wp\/v2\/users\/2"}],"replies":[{"embeddable":true,"href":"https:\/\/lavigilanta.info\/index.php?rest_route=%2Fwp%2Fv2%2Fcomments&post=472"}],"version-history":[{"count":0,"href":"https:\/\/lavigilanta.info\/index.php?rest_route=\/wp\/v2\/posts\/472\/revisions"}],"wp:attachment":[{"href":"https:\/\/lavigilanta.info\/index.php?rest_route=%2Fwp%2Fv2%2Fmedia&parent=472"}],"wp:term":[{"taxonomy":"category","embeddable":true,"href":"https:\/\/lavigilanta.info\/index.php?rest_route=%2Fwp%2Fv2%2Fcategories&post=472"},{"taxonomy":"post_tag","embeddable":true,"href":"https:\/\/lavigilanta.info\/index.php?rest_route=%2Fwp%2Fv2%2Ftags&post=472"}],"curies":[{"name":"wp","href":"https:\/\/api.w.org\/{rel}","templated":true}]}}