{"id":448,"date":"2007-07-30T12:35:00","date_gmt":"2007-07-30T12:35:00","guid":{"rendered":"http:\/\/lavigilanta.info\/wordpress\/?p=448"},"modified":"2008-02-24T14:53:19","modified_gmt":"2008-02-24T21:53:19","slug":"segundo-aniversario-de-la-vigi-%c2%bfesto-de-que-va-version-20","status":"publish","type":"post","link":"https:\/\/lavigilanta.info\/?p=448","title":{"rendered":"Segundo aniversario de La Vigi: \u00bfesto de qu\u00e9 va? versi\u00f3n 2.0"},"content":{"rendered":"<p><!-- Converted from text\/rtf format --><\/p>\n<p><span LANG=\"es\"><\/span><a HREF=\"http:\/\/www.lavigilanta.info\/2005\/07\/esto-de-qu-va.html\"><span LANG=\"es\"><u><font COLOR=\"#0000FF\" FACE=\"Arial\">http:\/\/www.lavigilanta.info\/2005\/07\/esto-de-qu-va.html<\/font><\/u><\/span><span LANG=\"es\"><\/span><\/a><span LANG=\"es\"><\/span><span LANG=\"es\"><\/span> <\/p>\n<p><span LANG=\"es\"><font FACE=\"Arial\">Hace ya dos a\u00f1os largos que se me ocurri\u00f3 la idea de crear este blog dedicado exclusivamente al tema de la privacidad en la sociedad de la informaci\u00f3n. En aquel momento y a modo de presentaci\u00f3n me marqu\u00e9 un post inaugural titulado \u00ab\u00bfesto de qu\u00e9 va?\u00bb en el que hac\u00eda una aut\u00e9ntica declaraci\u00f3n de intenciones, que sigue siendo tan v\u00e1lida que la repito aqu\u00ed tal cual.<\/font><\/span><\/p>\n<p><span LANG=\"es\"><i><font FACE=\"Arial\">\u00abEn el mundo hay muchas cosas que me interesan. Soy un ser humano que vive en sociedad. Y soy inform\u00e1tica. Me apasiona la intersecci\u00f3n de ambos aspectos, y en este momento estoy especialmente pendiente de los efectos en las libertades personales de los individuos que tiene la nueva hornada de tecnolog\u00edas de la informaci\u00f3n y la comunicaci\u00f3n. Desde que todos vamos con el m\u00f3vil a cuestas y all\u00e1 donde vas hay una red de datos: sea WiFi, sea una red personal (bluetooth), sea el dichoso GPRS; desde que es m\u00e1s barato un giga de disco duro que un paquete de pipas; y desde que parece ser que a todos nos ha dado por hablar en un mismo idioma que dir\u00eda Gloria Estefan (XML) pues la cantidad de informaci\u00f3n nuestra que se captura, que se almacena, que se transmite y que se puede cotejar es impresionante<\/font><\/i><font FACE=\"Arial\">.\u00bb<\/font><\/span><\/p>\n<p><span LANG=\"es\"><font FACE=\"Arial\">No me acabo de creer que hayan pasado ya dos a\u00f1os. En este tiempo hemos batallado duro por crear una conciencia de la importancia de la privacidad y el derecho a la intimidad entre la comunidad hispanohablante; por poner de manifiesto las tecnolog\u00edas, productos y legislaci\u00f3n que suponen un peligro para ese derecho; hemos escrito largo y tendido sobre RFID, sobre el marketing relacional, sobre el data mining, sobre la videovigilancia. Peleamos duro contra la directiva europea de retenci\u00f3n de datos a finales del 2005. Nos indign\u00f3 tanto el tema del pasaporte electr\u00f3nico legible a distancia y crackeable que \u00abnos tiramos a la piscina\u00bb y nos hemos puesto a traer carteras protectoras para pasaporte RFID (<\/font><\/span><a HREF=\"http:\/\/www.proteccionrfid.com\"><span LANG=\"es\"><u><font COLOR=\"#0000FF\" FACE=\"Arial\">http:\/\/www.proteccionrfid.com<\/font><\/u><\/span><\/a><span LANG=\"es\"><font FACE=\"Arial\">); hemos sido testigos del nacimiento del Partido Pirata en Espa\u00f1a (<\/font><\/span><a HREF=\"http:\/\/www.partidopirata.es\"><span LANG=\"es\"><u><font COLOR=\"#0000FF\" FACE=\"Arial\">http:\/\/www.partidopirata.es<\/font><\/u><\/span><\/a><span LANG=\"es\"><font FACE=\"Arial\">) y nos hemos afiliado a \u00e9l. <\/font><\/span><\/p>\n<p><span LANG=\"es\"><font FACE=\"Arial\">A lo largo del camino me he encontrado a personas maravillosas que comparten conmigo este inter\u00e9s por no dejar que nos arrebaten uno de los derechos fundamentales de todo ser humano:<b> la privacidad<\/b>. Un mont\u00f3n de personas igualmente maravillosas pero m\u00e1s t\u00edmidas tambi\u00e9n nos visitan, aunque no dejen huella en forma de comentario. A todos los que visit\u00e1is \u00abLa Vigi\u00bb, ocasional o frecuentemente,<b> muchas gracias por la atenci\u00f3n prestada<\/b>.<\/font><\/span><\/p>\n<p><span LANG=\"en-us\"><font FACE=\"Arial\">\u00a1Ah! Me olvidaba. Como regalo de cumplea\u00f1os nos hemos \u00abagenciado\u00bb un dominio. Aunque la URL de blogspot sigue funcionando, esta es nuestra nueva direcci\u00f3n: <\/font><\/span><a HREF=\"http:\/\/www.lavigilanta.info\"><span LANG=\"en-us\"><u><font COLOR=\"#0000FF\" FACE=\"Arial\">http:\/\/www.lavigilanta.info<\/font><\/u><\/span><\/a><span LANG=\"en-us\"><\/span><\/p><\/p>\n","protected":false},"excerpt":{"rendered":"<p>http:\/\/www.lavigilanta.info\/2005\/07\/esto-de-qu-va.html Hace ya dos a\u00f1os largos que se me ocurri\u00f3 la idea de crear este blog dedicado exclusivamente al tema de la privacidad en la sociedad de la informaci\u00f3n. En aquel momento y a modo de presentaci\u00f3n me marqu\u00e9 un post inaugural titulado \u00ab\u00bfesto de qu\u00e9 va?\u00bb en el que hac\u00eda una aut\u00e9ntica declaraci\u00f3n de &hellip; <a href=\"https:\/\/lavigilanta.info\/?p=448\" class=\"more-link\">Seguir leyendo <span class=\"screen-reader-text\">Segundo aniversario de La Vigi: \u00bfesto de qu\u00e9 va? versi\u00f3n 2.0<\/span> <span class=\"meta-nav\">&rarr;<\/span><\/a><\/p>\n","protected":false},"author":2,"featured_media":0,"comment_status":"open","ping_status":"open","sticky":false,"template":"","format":"standard","meta":[],"categories":[108],"tags":[],"_links":{"self":[{"href":"https:\/\/lavigilanta.info\/index.php?rest_route=\/wp\/v2\/posts\/448"}],"collection":[{"href":"https:\/\/lavigilanta.info\/index.php?rest_route=\/wp\/v2\/posts"}],"about":[{"href":"https:\/\/lavigilanta.info\/index.php?rest_route=\/wp\/v2\/types\/post"}],"author":[{"embeddable":true,"href":"https:\/\/lavigilanta.info\/index.php?rest_route=\/wp\/v2\/users\/2"}],"replies":[{"embeddable":true,"href":"https:\/\/lavigilanta.info\/index.php?rest_route=%2Fwp%2Fv2%2Fcomments&post=448"}],"version-history":[{"count":0,"href":"https:\/\/lavigilanta.info\/index.php?rest_route=\/wp\/v2\/posts\/448\/revisions"}],"wp:attachment":[{"href":"https:\/\/lavigilanta.info\/index.php?rest_route=%2Fwp%2Fv2%2Fmedia&parent=448"}],"wp:term":[{"taxonomy":"category","embeddable":true,"href":"https:\/\/lavigilanta.info\/index.php?rest_route=%2Fwp%2Fv2%2Fcategories&post=448"},{"taxonomy":"post_tag","embeddable":true,"href":"https:\/\/lavigilanta.info\/index.php?rest_route=%2Fwp%2Fv2%2Ftags&post=448"}],"curies":[{"name":"wp","href":"https:\/\/api.w.org\/{rel}","templated":true}]}}