{"id":443,"date":"2007-07-24T10:39:00","date_gmt":"2007-07-24T10:39:00","guid":{"rendered":"http:\/\/lavigilanta.info\/wordpress\/?p=443"},"modified":"2007-07-24T10:39:00","modified_gmt":"2007-07-24T10:39:00","slug":"la-union-europea-opina-que-rfid-puede-significar-un-riesgo-para-la-privacidad-de-los-ciudadanos","status":"publish","type":"post","link":"https:\/\/lavigilanta.info\/?p=443","title":{"rendered":"La Uni\u00f3n Europea opina que RFID puede significar un riesgo para la privacidad de los ciudadanos"},"content":{"rendered":"<p><!-- Converted from text\/rtf format -->  <\/p>\n<p><font FACE=\"Arial\">En Kript\u00f3polis leemos una escueta nota en la que se nos informa que la STOA, el comit\u00e9 de Evaluaci\u00f3n de Opciones Cient\u00edficas y Tecnol\u00f3gicas del Parlamento Europeo, opina que cuando RFID se utilice a pleno potencial, el derecho a la privacidad y la intimidad de los ciudadanos estar\u00e1 en peligro, y por eso habr\u00e1 que tomar medidas para que la libertad e intimidad de las personas se garantice.<\/font><\/p>\n<p><font FACE=\"Arial\">Noticia:<\/font>  <br \/><a HREF=\"http:\/\/www.kriptopolis.org\/informe-europeo-alerta-rfid\"><u><font COLOR=\"#0000FF\" FACE=\"Arial\">http:\/\/www.kriptopolis.org\/informe-europeo-alerta-rfid<\/font><\/u><\/a> <\/p>\n<p><font FACE=\"Arial\">El informe de la STOA: RFID y gesti\u00f3n de identidad en la vida cotidiana (en ingl\u00e9s):<\/font>  <br \/><a HREF=\"http:\/\/www.europarl.europa.eu\/stoa\/publications\/studies\/stoa182_en.pdf\"><u><font COLOR=\"#0000FF\" FACE=\"Arial\">http:\/\/www.europarl.europa.eu\/stoa\/publications\/studies\/stoa182_en.pdf<\/font><\/u><\/a> <\/p>\n","protected":false},"excerpt":{"rendered":"<p>En Kript\u00f3polis leemos una escueta nota en la que se nos informa que la STOA, el comit\u00e9 de Evaluaci\u00f3n de Opciones Cient\u00edficas y Tecnol\u00f3gicas del Parlamento Europeo, opina que cuando RFID se utilice a pleno potencial, el derecho a la privacidad y la intimidad de los ciudadanos estar\u00e1 en peligro, y por eso habr\u00e1 que &hellip; <a href=\"https:\/\/lavigilanta.info\/?p=443\" class=\"more-link\">Seguir leyendo <span class=\"screen-reader-text\">La Uni\u00f3n Europea opina que RFID puede significar un riesgo para la privacidad de los ciudadanos<\/span> <span class=\"meta-nav\">&rarr;<\/span><\/a><\/p>\n","protected":false},"author":2,"featured_media":0,"comment_status":"open","ping_status":"open","sticky":false,"template":"","format":"standard","meta":[],"categories":[120,124],"tags":[],"_links":{"self":[{"href":"https:\/\/lavigilanta.info\/index.php?rest_route=\/wp\/v2\/posts\/443"}],"collection":[{"href":"https:\/\/lavigilanta.info\/index.php?rest_route=\/wp\/v2\/posts"}],"about":[{"href":"https:\/\/lavigilanta.info\/index.php?rest_route=\/wp\/v2\/types\/post"}],"author":[{"embeddable":true,"href":"https:\/\/lavigilanta.info\/index.php?rest_route=\/wp\/v2\/users\/2"}],"replies":[{"embeddable":true,"href":"https:\/\/lavigilanta.info\/index.php?rest_route=%2Fwp%2Fv2%2Fcomments&post=443"}],"version-history":[{"count":0,"href":"https:\/\/lavigilanta.info\/index.php?rest_route=\/wp\/v2\/posts\/443\/revisions"}],"wp:attachment":[{"href":"https:\/\/lavigilanta.info\/index.php?rest_route=%2Fwp%2Fv2%2Fmedia&parent=443"}],"wp:term":[{"taxonomy":"category","embeddable":true,"href":"https:\/\/lavigilanta.info\/index.php?rest_route=%2Fwp%2Fv2%2Fcategories&post=443"},{"taxonomy":"post_tag","embeddable":true,"href":"https:\/\/lavigilanta.info\/index.php?rest_route=%2Fwp%2Fv2%2Ftags&post=443"}],"curies":[{"name":"wp","href":"https:\/\/api.w.org\/{rel}","templated":true}]}}