{"id":440,"date":"2007-07-23T10:56:00","date_gmt":"2007-07-23T10:56:00","guid":{"rendered":"http:\/\/lavigilanta.info\/wordpress\/?p=440"},"modified":"2007-07-23T10:56:00","modified_gmt":"2007-07-23T10:56:00","slug":"sentencia-de-la-audiencia-nacional-sobre-el-uso-de-los-datos-incluidos-en-tarjetas-de-visita","status":"publish","type":"post","link":"https:\/\/lavigilanta.info\/?p=440","title":{"rendered":"Sentencia de la Audiencia Nacional sobre el uso de los datos incluidos en tarjetas de visita"},"content":{"rendered":"<p><!-- Converted from text\/rtf format -->  <\/p>\n<p><a HREF=\"http:\/\/xribas.typepad.com\/xavier_ribas\/2007\/05\/sentencia-tarje.html\"><u><font COLOR=\"#0000FF\" SIZE=2 FACE=\"Arial\">http:\/\/xribas.typepad.com\/xavier_ribas\/2007\/05\/sentencia-tarje.html<\/font><\/u><\/a> <\/p>\n<p><font SIZE=2 FACE=\"Arial\">A trav\u00e9s de Barrapunto llego al blog de Xavier Ribas, donde se incluye \u00edntegra la sentencia dictada por la Audiencia Nacional sobre el tema de los datos personales incluidos en las tarjetas de visita.<\/font><\/p>\n<p><font SIZE=2 FACE=\"Arial\">Seg\u00fan \u00e9sta, se considera l\u00edcito el uso de los datos personales incluidos en la tarjeta de visita, si la tarjeta se proporciona voluntariamente.<\/font><\/p>\n<p><font SIZE=2 FACE=\"Arial\">Ojo, adictos al SIMO, Sonimag y dem\u00e1s ferias. Si hacen sorteos de iPods y viajes no es que sean muy generosos, es que est\u00e1n recopilando datos para realizar despu\u00e9s acciones de marketing&#8230; \u00bf\u00bfalguien lo dudaba??<\/font><\/p>\n","protected":false},"excerpt":{"rendered":"<p>http:\/\/xribas.typepad.com\/xavier_ribas\/2007\/05\/sentencia-tarje.html A trav\u00e9s de Barrapunto llego al blog de Xavier Ribas, donde se incluye \u00edntegra la sentencia dictada por la Audiencia Nacional sobre el tema de los datos personales incluidos en las tarjetas de visita. Seg\u00fan \u00e9sta, se considera l\u00edcito el uso de los datos personales incluidos en la tarjeta de visita, si la tarjeta &hellip; <a href=\"https:\/\/lavigilanta.info\/?p=440\" class=\"more-link\">Seguir leyendo <span class=\"screen-reader-text\">Sentencia de la Audiencia Nacional sobre el uso de los datos incluidos en tarjetas de visita<\/span> <span class=\"meta-nav\">&rarr;<\/span><\/a><\/p>\n","protected":false},"author":2,"featured_media":0,"comment_status":"open","ping_status":"open","sticky":false,"template":"","format":"standard","meta":[],"categories":[42],"tags":[],"_links":{"self":[{"href":"https:\/\/lavigilanta.info\/index.php?rest_route=\/wp\/v2\/posts\/440"}],"collection":[{"href":"https:\/\/lavigilanta.info\/index.php?rest_route=\/wp\/v2\/posts"}],"about":[{"href":"https:\/\/lavigilanta.info\/index.php?rest_route=\/wp\/v2\/types\/post"}],"author":[{"embeddable":true,"href":"https:\/\/lavigilanta.info\/index.php?rest_route=\/wp\/v2\/users\/2"}],"replies":[{"embeddable":true,"href":"https:\/\/lavigilanta.info\/index.php?rest_route=%2Fwp%2Fv2%2Fcomments&post=440"}],"version-history":[{"count":0,"href":"https:\/\/lavigilanta.info\/index.php?rest_route=\/wp\/v2\/posts\/440\/revisions"}],"wp:attachment":[{"href":"https:\/\/lavigilanta.info\/index.php?rest_route=%2Fwp%2Fv2%2Fmedia&parent=440"}],"wp:term":[{"taxonomy":"category","embeddable":true,"href":"https:\/\/lavigilanta.info\/index.php?rest_route=%2Fwp%2Fv2%2Fcategories&post=440"},{"taxonomy":"post_tag","embeddable":true,"href":"https:\/\/lavigilanta.info\/index.php?rest_route=%2Fwp%2Fv2%2Ftags&post=440"}],"curies":[{"name":"wp","href":"https:\/\/api.w.org\/{rel}","templated":true}]}}