{"id":438,"date":"2007-07-18T17:02:00","date_gmt":"2007-07-18T17:02:00","guid":{"rendered":"http:\/\/lavigilanta.info\/wordpress\/?p=438"},"modified":"2007-07-18T17:02:00","modified_gmt":"2007-07-18T17:02:00","slug":"%c2%bfde-verdad-faltan-informaticos-en-espana-o-es-otro-el-problema","status":"publish","type":"post","link":"https:\/\/lavigilanta.info\/?p=438","title":{"rendered":"\u00bfDe verdad faltan inform\u00e1ticos en Espa\u00f1a, o es otro el problema?"},"content":{"rendered":"<div>En&nbsp;libertad digital&nbsp;y luego en su blog, Enrique Dans lanza la siguiente idea: en Espa\u00f1a no se llevan a buen puerto buen\u00edsimos proyectos por falta de programadores.<\/div>\n<div>&nbsp;<\/div>\n<div>(link al blog con su art\u00edculo <a href=\"http:\/\/www.enriquedans.com\/2007\/07\/%c2%bfalguien-ha-visto-un-programador-articulo-en-libertad-digital.html\">http:\/\/www.enriquedans.com\/2007\/07\/%c2%bfalguien-ha-visto-un-programador-articulo-en-libertad-digital.html <\/a>&nbsp;).<\/div>\n<div>&nbsp;<\/div>\n<div>&nbsp;<\/div>\n<div>Puede resultar razonablemente convincente. Pero despu\u00e9s, una persona tras el apodo Humano1 le lanza la siguiente respuesta. Estoy tan de acuerdo, que la pego aqu\u00ed enterita. Leedla si quer\u00e9is conocer en 30 segundos el estado de la profesi\u00f3n de inform\u00e1tico en este pa\u00eds. <\/div>\n<div>&nbsp;<\/div>\n<div>&nbsp;<\/div>\n<div>&quot;Enrique, acabas de abrir la caja de Pandora del mundo de la inform\u00e1tica en Espa\u00f1a.<\/div>\n<div>\n<p>Desde mi experiencia de varios a\u00f1os de Licenciado (si, paso de llamarme ingeniero) en Inform\u00e1tica, trabajando en varias empresas de servicios de inform\u00e1tica, he observado lo siguiente:<\/p>\n<p><strong>1.- Endogamia en la Facultad.<\/strong> Faltaban profesores especializados en inform\u00e1tica (all\u00e1 por los a\u00f1os 87-92), de forma que se contrataron reci\u00e9n licenciados que nunca hab\u00edan tenido experiencia laboral, para ense\u00f1ar a sus alumnos los apuntes que tuvieron que estudiar ellos el a\u00f1o anterior. Como consecuencia los nuevos titulados son ense\u00f1ados por gente que no conoce el mundo real, y que te ense\u00f1a c\u00f3mo programar en los mundos de yupi, donde el cliente lo tiene claro, sabe lo que quiere desde el principio, y adem\u00e1s es f\u00e1cil de implementar. <\/p>\n<p><strong>2.- Elitismo universitario.<\/strong> En serio, no es culpa de los alumnos, sino de los profesores que no paran de machacar a la gente diciendo aquello de \u00absois ingenieros, no os rebaj\u00e9is a programar como meros FPs, lo vuestro es hacer diagramitas y entidades-relaci\u00f3n. El dise\u00f1o f\u00edsico de la BD es algo por lo que no ten\u00e9is que preocuparos, ya lo har\u00e1 alguien con menos titulaci\u00f3n que la vuestra\u00bb. El \u00fanico problema es que te lo repiten tanto que al final te lo crees y no aceptas tocar ni una l\u00ednea de c\u00f3digo. Afortunadamente se te pasa cuando comienzas a trabajar y te das cuenta de lo ignorante que eres. <\/p>\n<p><strong>3.- Desconocimiento de lo que se vende<\/strong>. La empresa quiere facturar, por lo que sea, da igual que el programa funcione o no, que mas da, los propios gestores no entienden realmente c\u00f3mo funciona la inform\u00e1tica. Para ellos es simplemente un producto, hecho de forma misteriosa, que el cliente compra, y que si no le funciona, pues se lo actualizamos (por un m\u00f3dico precio). Da igual la imagen que se de. Se dicen un par de escusas ininteligibles (\u00able falla la interfaz trocola-unix del usb\u00bb) y el cliente, que tampoco sabe mucho del tema, traga. Gracias Microsoft por hacer creer al mundo que un programa mal que falle sea una cosa normal, y que su arreglo se pueda cobrar aparte. <\/p>\n<p><strong>4.- Comerciales sin escr\u00fapulos.<\/strong> Puede que sea lo mejor de un comercial, el vender el producto sea como sea. Hacerlo a costa de fastidiar a los programadores, prometiendo cosas dif\u00edciles en tiempos imposibles, y esperando que sean los t\u00e9cnicos quienes lo saquen del marr\u00f3n, es la t\u00f3nica normal en las empresas de servicios de inform\u00e1tica (al menos en las que he trabajado). El comercial vende, pasa el marr\u00f3n y se va de rositas (con su correspondiente y sustanciosa comisi\u00f3n). Si algo se retrasa, o no se puede hacer, es problema del t\u00e9cnico, no del comercial. Eso quema, sobre todo cuando tu sueldo es 3 veces inferior que el ignorante (pero muy simp\u00e1tico y con muchos amiguetes) comercial. <\/p>\n<p><strong>5.- Despilfarro de recursos humanos.<\/strong> Entras en una empresa como novato, aprendes un mont\u00f3n (en tus ratos libres, por supuesto), y ya se te puede considerar como experto. Da igual. A la empresa le sale m\u00e1s barato despedirte (o dejarte ir) y sustituirte por otros dos novatos. No importa que tu productividad sea alta, puede que m\u00e1s alta que los nuevos novatos. Como la empresa no entiende al programador como generador de sus beneficios, sino que tiene el papel de mero recurso (como una grapadora) pues su sustituci\u00f3n no es valorada (igual que la grapadora). <\/p>\n<p>Y finalmente, lo que todos sabemos. <strong>No se paga bien.<\/strong> Cuando se publica en cualquier medio el titular \u00ab\u00a1Faltan inform\u00e1ticos!\u00bb, siempre me rio porque me parece un titular incompleto. El titular real deber\u00eda ser \u00ab\u00a1Faltan inform\u00e1ticos\u2026 baratos!\u00bb. <\/p>\n<\/div>\n","protected":false},"excerpt":{"rendered":"<p>En&nbsp;libertad digital&nbsp;y luego en su blog, Enrique Dans lanza la siguiente idea: en Espa\u00f1a no se llevan a buen puerto buen\u00edsimos proyectos por falta de programadores. &nbsp; (link al blog con su art\u00edculo http:\/\/www.enriquedans.com\/2007\/07\/%c2%bfalguien-ha-visto-un-programador-articulo-en-libertad-digital.html &nbsp;). &nbsp; &nbsp; Puede resultar razonablemente convincente. Pero despu\u00e9s, una persona tras el apodo Humano1 le lanza la siguiente respuesta. Estoy &hellip; <a href=\"https:\/\/lavigilanta.info\/?p=438\" class=\"more-link\">Seguir leyendo <span class=\"screen-reader-text\">\u00bfDe verdad faltan inform\u00e1ticos en Espa\u00f1a, o es otro el problema?<\/span> <span class=\"meta-nav\">&rarr;<\/span><\/a><\/p>\n","protected":false},"author":2,"featured_media":0,"comment_status":"open","ping_status":"open","sticky":false,"template":"","format":"standard","meta":[],"categories":[54],"tags":[],"_links":{"self":[{"href":"https:\/\/lavigilanta.info\/index.php?rest_route=\/wp\/v2\/posts\/438"}],"collection":[{"href":"https:\/\/lavigilanta.info\/index.php?rest_route=\/wp\/v2\/posts"}],"about":[{"href":"https:\/\/lavigilanta.info\/index.php?rest_route=\/wp\/v2\/types\/post"}],"author":[{"embeddable":true,"href":"https:\/\/lavigilanta.info\/index.php?rest_route=\/wp\/v2\/users\/2"}],"replies":[{"embeddable":true,"href":"https:\/\/lavigilanta.info\/index.php?rest_route=%2Fwp%2Fv2%2Fcomments&post=438"}],"version-history":[{"count":0,"href":"https:\/\/lavigilanta.info\/index.php?rest_route=\/wp\/v2\/posts\/438\/revisions"}],"wp:attachment":[{"href":"https:\/\/lavigilanta.info\/index.php?rest_route=%2Fwp%2Fv2%2Fmedia&parent=438"}],"wp:term":[{"taxonomy":"category","embeddable":true,"href":"https:\/\/lavigilanta.info\/index.php?rest_route=%2Fwp%2Fv2%2Fcategories&post=438"},{"taxonomy":"post_tag","embeddable":true,"href":"https:\/\/lavigilanta.info\/index.php?rest_route=%2Fwp%2Fv2%2Ftags&post=438"}],"curies":[{"name":"wp","href":"https:\/\/api.w.org\/{rel}","templated":true}]}}