{"id":423,"date":"2007-06-26T13:30:00","date_gmt":"2007-06-26T13:30:00","guid":{"rendered":"http:\/\/lavigilanta.info\/wordpress\/?p=423"},"modified":"2007-06-26T13:30:00","modified_gmt":"2007-06-26T13:30:00","slug":"retencion-de-datos-alemana-tan-draconiana-que-google-amenaza-con-clausurar-cuentas-gmail","status":"publish","type":"post","link":"https:\/\/lavigilanta.info\/?p=423","title":{"rendered":"Retenci\u00f3n de datos alemana: tan draconiana, que Google amenaza con clausurar cuentas Gmail"},"content":{"rendered":"<p><!-- Converted from text\/rtf format -->   <\/p>\n<p><a HREF=\"http:\/\/lainformacionespoder.wordpress.com\/2007\/06\/24\/google-quiere-quitar-gmail-a-los-alemanes\/\"><u><font COLOR=\"#0000FF\" SIZE=2 FACE=\"Arial\">http:\/\/lainformacionespoder.wordpress.com\/2007\/06\/24\/google-quiere-quitar-gmail-a-los-alemanes\/<\/font><\/u><\/a> <\/p>\n<p><font FACE=\"Arial\">Leemos en<b><i> la Informaci\u00f3n es poder<\/i><\/b><i><\/i> que el gobierno alem\u00e1n, como parte de su paquete de leyes para cumplir con aquella directiva europea de retenci\u00f3n de datos a la que tanto nos opusimos en el 2005 (pero que lo mismo dio) exige a los proveedores de servicios de internet la total identificaci\u00f3n de sus usuarios. En el caso de los servicios de correo electr\u00f3nico, la ley incluso les exige recopilar la direcci\u00f3n postal del titular de la cuenta de email. Pues bien, Google ya ha pegado un pu\u00f1etazo en la mesa y ha insinuado que si esta propuesta sigue adelante, se ver\u00e1 forzado a clausurar todas las cuentas de correo Gmail de personas residentes en Alemania.<\/font><\/p>\n<p><font FACE=\"Arial\">\u00a1\u00a1\u00a1\u00a1\u00a1\u00a1\u00a1\u00a1\u00a1\u00a1Qu\u00e9 mal estar\u00e1 el patio para que en este blog tenemos que agradecer a Google una acci\u00f3n en defensa de la privacidad de sus usuarios!!!!!!!!!!<\/font><\/p>\n","protected":false},"excerpt":{"rendered":"<p>http:\/\/lainformacionespoder.wordpress.com\/2007\/06\/24\/google-quiere-quitar-gmail-a-los-alemanes\/ Leemos en la Informaci\u00f3n es poder que el gobierno alem\u00e1n, como parte de su paquete de leyes para cumplir con aquella directiva europea de retenci\u00f3n de datos a la que tanto nos opusimos en el 2005 (pero que lo mismo dio) exige a los proveedores de servicios de internet la total identificaci\u00f3n de sus &hellip; <a href=\"https:\/\/lavigilanta.info\/?p=423\" class=\"more-link\">Seguir leyendo <span class=\"screen-reader-text\">Retenci\u00f3n de datos alemana: tan draconiana, que Google amenaza con clausurar cuentas Gmail<\/span> <span class=\"meta-nav\">&rarr;<\/span><\/a><\/p>\n","protected":false},"author":2,"featured_media":0,"comment_status":"open","ping_status":"open","sticky":false,"template":"","format":"standard","meta":[],"categories":[67,123],"tags":[],"_links":{"self":[{"href":"https:\/\/lavigilanta.info\/index.php?rest_route=\/wp\/v2\/posts\/423"}],"collection":[{"href":"https:\/\/lavigilanta.info\/index.php?rest_route=\/wp\/v2\/posts"}],"about":[{"href":"https:\/\/lavigilanta.info\/index.php?rest_route=\/wp\/v2\/types\/post"}],"author":[{"embeddable":true,"href":"https:\/\/lavigilanta.info\/index.php?rest_route=\/wp\/v2\/users\/2"}],"replies":[{"embeddable":true,"href":"https:\/\/lavigilanta.info\/index.php?rest_route=%2Fwp%2Fv2%2Fcomments&post=423"}],"version-history":[{"count":0,"href":"https:\/\/lavigilanta.info\/index.php?rest_route=\/wp\/v2\/posts\/423\/revisions"}],"wp:attachment":[{"href":"https:\/\/lavigilanta.info\/index.php?rest_route=%2Fwp%2Fv2%2Fmedia&parent=423"}],"wp:term":[{"taxonomy":"category","embeddable":true,"href":"https:\/\/lavigilanta.info\/index.php?rest_route=%2Fwp%2Fv2%2Fcategories&post=423"},{"taxonomy":"post_tag","embeddable":true,"href":"https:\/\/lavigilanta.info\/index.php?rest_route=%2Fwp%2Fv2%2Ftags&post=423"}],"curies":[{"name":"wp","href":"https:\/\/api.w.org\/{rel}","templated":true}]}}