{"id":419,"date":"2007-06-15T11:58:00","date_gmt":"2007-06-15T11:58:00","guid":{"rendered":"http:\/\/lavigilanta.info\/wordpress\/?p=419"},"modified":"2007-06-15T11:58:00","modified_gmt":"2007-06-15T11:58:00","slug":"seminario-la-sociedad-de-la-informacion-libertades-frente-a-control-social","status":"publish","type":"post","link":"https:\/\/lavigilanta.info\/?p=419","title":{"rendered":"Seminario: La sociedad de la informaci\u00f3n: libertades frente a control social"},"content":{"rendered":"<p><a href=\"http:\/\/bp3.blogger.com\/_JJGCxDPmQyc\/RnKACDE3MlI\/AAAAAAAAALk\/YHQmKhla3Sw\/s1600-h\/fundacion+vodafone+curso.jpg\"><img decoding=\"async\" style=\"display:block; margin:0px auto 10px; text-align:center;cursor:pointer; cursor:hand;\" src=\"http:\/\/bp3.blogger.com\/_JJGCxDPmQyc\/RnKACDE3MlI\/AAAAAAAAALk\/YHQmKhla3Sw\/s320\/fundacion+vodafone+curso.jpg\" border=\"0\" alt=\"\"id=\"BLOGGER_PHOTO_ID_5076260502673764946\" \/><\/a><br \/>A trav\u00e9s de <a href=\"http:\/\/blogprivacidad.blogspot.com\/2007\/06\/durante-el-mes-de-julio-se-van-llevar.html\">privacidad.org<\/a> nos enteramos de la impartici\u00f3n de un seminario por parte de la Fundaci\u00f3n Vodafone con un t\u00edtulo bastante sugerente (nota, \u00a1se entiende que si lees este blog te interesa el tema de la privacidad!): <strong>La sociedad de la informaci\u00f3n: libertades frente a control social<\/strong>.<\/p>\n<p>El seminario se realizar\u00e1 del 2 al 5 de julio de 2007 y forma parte de la oferta de <a href=\"http:\/\/www.upm.es\/cursosverano\/\">cursos de verano<\/a> de la <a href=\"http:\/\/www.upm.es\/\">Universidad Polit\u00e9cnica de Madrid<\/a>.<\/p>\n<p>Si alguien va y toma notas, aqu\u00ed estaremos encantados de publicarlas, as\u00ed que no dud\u00e9is en hac\u00e9rnoslas llegar.<\/p>\n<p>M\u00e1s informaci\u00f3n en la p\u00e1gina de la <a href=\"http:\/\/fundacion.vodafone.es\/VodafoneFundacion\/FundacionVodafoneIndex\/0,,25330,00.html\">Fundaci\u00f3n Vodafone<\/a>.<\/p>\n","protected":false},"excerpt":{"rendered":"<p>A trav\u00e9s de privacidad.org nos enteramos de la impartici\u00f3n de un seminario por parte de la Fundaci\u00f3n Vodafone con un t\u00edtulo bastante sugerente (nota, \u00a1se entiende que si lees este blog te interesa el tema de la privacidad!): La sociedad de la informaci\u00f3n: libertades frente a control social. El seminario se realizar\u00e1 del 2 al &hellip; <a href=\"https:\/\/lavigilanta.info\/?p=419\" class=\"more-link\">Seguir leyendo <span class=\"screen-reader-text\">Seminario: La sociedad de la informaci\u00f3n: libertades frente a control social<\/span> <span class=\"meta-nav\">&rarr;<\/span><\/a><\/p>\n","protected":false},"author":2,"featured_media":0,"comment_status":"open","ping_status":"open","sticky":false,"template":"","format":"standard","meta":[],"categories":[134],"tags":[],"_links":{"self":[{"href":"https:\/\/lavigilanta.info\/index.php?rest_route=\/wp\/v2\/posts\/419"}],"collection":[{"href":"https:\/\/lavigilanta.info\/index.php?rest_route=\/wp\/v2\/posts"}],"about":[{"href":"https:\/\/lavigilanta.info\/index.php?rest_route=\/wp\/v2\/types\/post"}],"author":[{"embeddable":true,"href":"https:\/\/lavigilanta.info\/index.php?rest_route=\/wp\/v2\/users\/2"}],"replies":[{"embeddable":true,"href":"https:\/\/lavigilanta.info\/index.php?rest_route=%2Fwp%2Fv2%2Fcomments&post=419"}],"version-history":[{"count":0,"href":"https:\/\/lavigilanta.info\/index.php?rest_route=\/wp\/v2\/posts\/419\/revisions"}],"wp:attachment":[{"href":"https:\/\/lavigilanta.info\/index.php?rest_route=%2Fwp%2Fv2%2Fmedia&parent=419"}],"wp:term":[{"taxonomy":"category","embeddable":true,"href":"https:\/\/lavigilanta.info\/index.php?rest_route=%2Fwp%2Fv2%2Fcategories&post=419"},{"taxonomy":"post_tag","embeddable":true,"href":"https:\/\/lavigilanta.info\/index.php?rest_route=%2Fwp%2Fv2%2Ftags&post=419"}],"curies":[{"name":"wp","href":"https:\/\/api.w.org\/{rel}","templated":true}]}}