{"id":398,"date":"2007-05-03T19:59:00","date_gmt":"2007-05-03T19:59:00","guid":{"rendered":"http:\/\/lavigilanta.info\/wordpress\/?p=398"},"modified":"2007-05-03T19:59:00","modified_gmt":"2007-05-03T19:59:00","slug":"el-botellon","status":"publish","type":"post","link":"https:\/\/lavigilanta.info\/?p=398","title":{"rendered":"El botell\u00f3n"},"content":{"rendered":"<p><a href=\"http:\/\/bp1.blogger.com\/_JJGCxDPmQyc\/Rjo_Mzg-5TI\/AAAAAAAAAKM\/st1nAsB8bo8\/s1600-h\/el+botellon+friki.jpg\"><img decoding=\"async\" style=\"display:block; margin:0px auto 10px; text-align:center;cursor:pointer; cursor:hand;\" src=\"http:\/\/bp1.blogger.com\/_JJGCxDPmQyc\/Rjo_Mzg-5TI\/AAAAAAAAAKM\/st1nAsB8bo8\/s320\/el+botellon+friki.jpg\" border=\"0\" alt=\"\"id=\"BLOGGER_PHOTO_ID_5060426620523701554\" \/><\/a><br \/>El fen\u00f3meno del botell\u00f3n, un problema que no solamente afecta a la juventud espa\u00f1ola. En la foto, Aznar tras hacer una petici\u00f3n p\u00fablica: \u00abd\u00e9jame que beba tranquilamente\u00bb.<\/p>\n<p><a href=\"http:\/\/www.elpais.com\/articulo\/espana\/segunda\/noche\/incidentes\/centro\/Madrid\/causa\/46\/heridos\/detenidos\/elpepuesp\/20070503elpepinac_22\/Tes\">Yo si fuera Garz\u00f3n le enviar\u00eda los antidisturbios<\/a>.<\/p>\n","protected":false},"excerpt":{"rendered":"<p>El fen\u00f3meno del botell\u00f3n, un problema que no solamente afecta a la juventud espa\u00f1ola. En la foto, Aznar tras hacer una petici\u00f3n p\u00fablica: \u00abd\u00e9jame que beba tranquilamente\u00bb. Yo si fuera Garz\u00f3n le enviar\u00eda los antidisturbios.<\/p>\n","protected":false},"author":2,"featured_media":0,"comment_status":"open","ping_status":"open","sticky":false,"template":"","format":"standard","meta":[],"categories":[71],"tags":[],"_links":{"self":[{"href":"https:\/\/lavigilanta.info\/index.php?rest_route=\/wp\/v2\/posts\/398"}],"collection":[{"href":"https:\/\/lavigilanta.info\/index.php?rest_route=\/wp\/v2\/posts"}],"about":[{"href":"https:\/\/lavigilanta.info\/index.php?rest_route=\/wp\/v2\/types\/post"}],"author":[{"embeddable":true,"href":"https:\/\/lavigilanta.info\/index.php?rest_route=\/wp\/v2\/users\/2"}],"replies":[{"embeddable":true,"href":"https:\/\/lavigilanta.info\/index.php?rest_route=%2Fwp%2Fv2%2Fcomments&post=398"}],"version-history":[{"count":0,"href":"https:\/\/lavigilanta.info\/index.php?rest_route=\/wp\/v2\/posts\/398\/revisions"}],"wp:attachment":[{"href":"https:\/\/lavigilanta.info\/index.php?rest_route=%2Fwp%2Fv2%2Fmedia&parent=398"}],"wp:term":[{"taxonomy":"category","embeddable":true,"href":"https:\/\/lavigilanta.info\/index.php?rest_route=%2Fwp%2Fv2%2Fcategories&post=398"},{"taxonomy":"post_tag","embeddable":true,"href":"https:\/\/lavigilanta.info\/index.php?rest_route=%2Fwp%2Fv2%2Ftags&post=398"}],"curies":[{"name":"wp","href":"https:\/\/api.w.org\/{rel}","templated":true}]}}