{"id":39,"date":"2005-09-26T09:59:00","date_gmt":"2005-09-26T09:59:00","guid":{"rendered":"http:\/\/lavigilanta.info\/wordpress\/?p=39"},"modified":"2005-09-26T09:59:00","modified_gmt":"2005-09-26T09:59:00","slug":"como-te-afecta-la-retencion-de-datos","status":"publish","type":"post","link":"https:\/\/lavigilanta.info\/?p=39","title":{"rendered":"Como te afecta la retenci\u00f3n de datos"},"content":{"rendered":"<p>Desde julio la Uni\u00f3n Europea est\u00e1 trabajando en la redacci\u00f3n y aprobaci\u00f3n de una Directiva que, con el argumento de la lucha contra el terrorismo, obligar\u00e1 a que se almacenen datos de tr\u00e1fico de nuestras comunicaciones por tel\u00e9fono e Internet. Desde CPSR-ES hemos decidido elaborar esta peque\u00f1a gu\u00eda con el fin de concienciar sobre la importancia de luchar contra esta Directiva y ayudar a la difusi\u00f3n de la campa\u00f1a. <\/p>\n<p><strong>\u00bfDe d\u00f3nde ha surgido esta campa\u00f1a contra la Directiva de retenci\u00f3n de datos? <\/strong><\/p>\n<p>Es una iniciativa de las organizaciones EDRI y XS4ALL tras recibir una copia filtrada de una propuesta de directiva de la Uni\u00f3n Europea por la cual, y en aras de la lucha contra el terrorismo, se almacenar\u00e1n datos de nuestras comunicaciones por Internet o tel\u00e9fono para uso de las autoridades en sus investigaciones. <\/p>\n<p><strong>\u00bfEst\u00e1 ya en vigor? <\/strong><\/p>\n<p>Todav\u00eda no. Antes del 8 de septiembre se present\u00f3 al Parlamento Europeo y los Ministros de Justicia e Interior de la Uni\u00f3n. El 21 de septiembre la Comisi\u00f3n Europea ha presentado su propuesta final, y si todo sigue con los plazos previstos, se aprobar\u00eda en una reuni\u00f3n formal de los Ministros de Justicia e Interior que se celebrar\u00e1 el 12 de octubre. Finalmente, la Directiva deber\u00eda pasar por el Parlamento Europeo antes de fin de a\u00f1o. <\/p>\n<p><strong>\u00bfQu\u00e9 propone la Directiva? <\/strong><\/p>\n<p>Almacenar durante un a\u00f1o datos de tr\u00e1fico de comunicaciones con tel\u00e9fonos fijos y m\u00f3viles, y seis meses datos de tr\u00e1fico de comunicaciones por Internet. Al final de este documento est\u00e1 la lista completa de los datos que en principio se almacenar\u00edan. Son datos destinados a poder localizar a qui\u00e9n llamamos, quienes reciben nuestras llamadas, o a qui\u00e9n enviamos correos electr\u00f3nicos. Asimismo, en el caso de los tel\u00e9fonos m\u00f3viles, se podr\u00eda saber desde d\u00f3nde llamamos. <\/p>\n<p>Los proveedores de telefon\u00eda y de acceso a Internet se encargar\u00e1n de almacenar estos datos y, en principio, si se mantienen los procedimientos habituales, entregarlos a las autoridades cuando los soliciten. <\/p>\n<p>La lista es una \u00ablista inicial\u00bb, en el sentido de que posteriormente se podr\u00e1 decidir el ampliarla e incluir m\u00e1s datos a retener. <\/p>\n<p>Lee el resto <a href=\"http:\/\/wiki.dataretentionisnosolution.com:81\/index.php\/%C3%82%C2%BFC%C3%83%C2%B3mo_te_afecta_la_retenci%C3%83%C2%B3n_de_datos\">aqu\u00ed<\/a>. Si quieres firmar la protesta, puedes hacerlo <a href=\"http:\/\/www.dataretentionisnosolution.com\">aqu\u00ed<\/a>. Tus hijos te lo agradecer\u00e1n.<\/p>\n","protected":false},"excerpt":{"rendered":"<p>Desde julio la Uni\u00f3n Europea est\u00e1 trabajando en la redacci\u00f3n y aprobaci\u00f3n de una Directiva que, con el argumento de la lucha contra el terrorismo, obligar\u00e1 a que se almacenen datos de tr\u00e1fico de nuestras comunicaciones por tel\u00e9fono e Internet. Desde CPSR-ES hemos decidido elaborar esta peque\u00f1a gu\u00eda con el fin de concienciar sobre la &hellip; <a href=\"https:\/\/lavigilanta.info\/?p=39\" class=\"more-link\">Seguir leyendo <span class=\"screen-reader-text\">Como te afecta la retenci\u00f3n de datos<\/span> <span class=\"meta-nav\">&rarr;<\/span><\/a><\/p>\n","protected":false},"author":2,"featured_media":0,"comment_status":"open","ping_status":"open","sticky":false,"template":"","format":"standard","meta":[],"categories":[1],"tags":[],"_links":{"self":[{"href":"https:\/\/lavigilanta.info\/index.php?rest_route=\/wp\/v2\/posts\/39"}],"collection":[{"href":"https:\/\/lavigilanta.info\/index.php?rest_route=\/wp\/v2\/posts"}],"about":[{"href":"https:\/\/lavigilanta.info\/index.php?rest_route=\/wp\/v2\/types\/post"}],"author":[{"embeddable":true,"href":"https:\/\/lavigilanta.info\/index.php?rest_route=\/wp\/v2\/users\/2"}],"replies":[{"embeddable":true,"href":"https:\/\/lavigilanta.info\/index.php?rest_route=%2Fwp%2Fv2%2Fcomments&post=39"}],"version-history":[{"count":0,"href":"https:\/\/lavigilanta.info\/index.php?rest_route=\/wp\/v2\/posts\/39\/revisions"}],"wp:attachment":[{"href":"https:\/\/lavigilanta.info\/index.php?rest_route=%2Fwp%2Fv2%2Fmedia&parent=39"}],"wp:term":[{"taxonomy":"category","embeddable":true,"href":"https:\/\/lavigilanta.info\/index.php?rest_route=%2Fwp%2Fv2%2Fcategories&post=39"},{"taxonomy":"post_tag","embeddable":true,"href":"https:\/\/lavigilanta.info\/index.php?rest_route=%2Fwp%2Fv2%2Ftags&post=39"}],"curies":[{"name":"wp","href":"https:\/\/api.w.org\/{rel}","templated":true}]}}