{"id":389,"date":"2007-04-23T13:57:00","date_gmt":"2007-04-23T13:57:00","guid":{"rendered":"http:\/\/lavigilanta.info\/wordpress\/?p=389"},"modified":"2007-04-23T13:57:00","modified_gmt":"2007-04-23T13:57:00","slug":"23-de-abril-negro-dia-del-libro","status":"publish","type":"post","link":"https:\/\/lavigilanta.info\/?p=389","title":{"rendered":"23 de abril: Negro d\u00eda del libro"},"content":{"rendered":"<p><a href=\"http:\/\/bp3.blogger.com\/_JJGCxDPmQyc\/Riy7jc_sFvI\/AAAAAAAAAJs\/KXJ0SHXMozY\/s1600-h\/black-rose.jpg\"><img decoding=\"async\" style=\"display:block; margin:0px auto 10px; text-align:center;cursor:pointer; cursor:hand;\" src=\"http:\/\/bp3.blogger.com\/_JJGCxDPmQyc\/Riy7jc_sFvI\/AAAAAAAAAJs\/KXJ0SHXMozY\/s320\/black-rose.jpg\" border=\"0\" alt=\"\"id=\"BLOGGER_PHOTO_ID_5056622699383363314\" \/><\/a><br \/>Pues s\u00ed, este a\u00f1o el d\u00eda del libro, este tan bonito y vistoso, especialmente en Barcelona, se ha te\u00f1ido de negro. No es por otra cosa que por la introducci\u00f3n del pago de CANON en las bibliotecas: las arcas del Estado deber\u00e1n abonar 0,20 euros por cada libro tomado en pr\u00e9stamo. Abonar a la SGAE, ni m\u00e1s ni menos. La se\u00f1ora ministra de Incultura, Carmen Calvo, ha tenido encima la desfachatez de que la medida no afectar\u00e1 a los lectores \u00abporque no son ellos, sino el Estado, quien paga esos 20 c\u00e9ntimos de euro\u00bb. Me dir\u00e1 a mi entonces la \u00abmenistra\u00bb qui\u00e9n paga impuestos para nutrir las arcas del Estado si no es la ciudadan\u00eda. (todo esto bien explicado, en <a href=\"http:\/\/www.faltantornillos.net\/archivos\/el-mundo-esta-loco\/\">faltantornillos.net<\/a>)<\/p>\n<p>Hay quien ha convocado a medidas simb\u00f3licas en contra de la medida. Por ejemplo, este domingo la gente se reuni\u00f3 para <a href=\"http:\/\/www.20minutos.es\/noticia\/225835\/0\/saramago\/biblioteca\/nacional\/\"> abrazar la biblioteca nacional<\/a>. Yo he preferido iniciar una acci\u00f3n de protesta de esas que duelen en el bolsillo a los editores que se van a forrar y de qu\u00e9 manera con el canon de las bibliotecas: <b>invito a que la gente no compre un libro por Sant Jordi (o por el d\u00eda del libro, depende de d\u00f3nde vivan)<\/b>, y que en lugar de eso, <b>se acerquen a la biblioteca de su barrio o de su pueblo y saquen un libro en pr\u00e9stamo<\/b> y que nos digan qu\u00e9 libro han sacado y de qu\u00e9 biblioteca.<\/p>\n<p>Yo tengo dos: uno de la biblioteca de la <a href=\"http:\/\/www.uoc.edu\">Universitat Oberta de Catalunya<\/a> titulado <b>Mobile Communication and Society: A global Perspective<\/b>, escrito por <i>Castells M, Fern\u00e1ndez-Ard\u00e8vol M, y Qiu, J<\/i>. y otro de la biblioteca municipal <a href=\"http:\/\/www.diba.es\/agda\/biblioteques\/Biblioview.asp?Bib=2371\">Sofia Barat<\/a>, de <i>Jorge Volpi<\/i> y cuyo t\u00edtulo es <b>No ser\u00e1 la Tierra<\/b>.<\/p>\n<p>Si ten\u00e9is que regalar un libro <i>f\u00edsico<\/i>, yo tambi\u00e9n recomendar\u00eda escapar de las editoriales de voraz \u00e1nimo de lucro. Una buena idea es escoger algo del cat\u00e1logo de <a href=\"http:\/\/www.lulu.com\/es\">lulu.com<\/a>, editorial online creada por el fundador de la empresa Red Hat y que permite a la gente publicar sus propios libros. Los PDFs con las obras son gratuitas. Y si alguien quiere comprar el \u00ablibro tangible\u00bb, no hay problema: unas imprentas \u00abbajo demanda\u00bb se encargan de ello y un cuidado proceso de log\u00edstica te lo llevar\u00e1 a casa, reci\u00e9n salido del horno.<\/p>\n<p>Y siempre, siempre, siempre\u2026 mirad primero las <a href=\"http:\/\/www.leergratis.com\/libros-digitales\/libros-gratis-ebooks-con-licencia-creative-commons.html\">obras creadas bajo una licencia Creative Commons<\/a>. Tambi\u00e9n <a href=\"http:\/\/www.traficantes.net\">en Traficantes de Sue\u00f1os<\/a> (\u00a1gracias por la referencia, <a href=\"http:\/\/www.versvs.net\">Versvs<\/a>!)<\/p>\n","protected":false},"excerpt":{"rendered":"<p>Pues s\u00ed, este a\u00f1o el d\u00eda del libro, este tan bonito y vistoso, especialmente en Barcelona, se ha te\u00f1ido de negro. No es por otra cosa que por la introducci\u00f3n del pago de CANON en las bibliotecas: las arcas del Estado deber\u00e1n abonar 0,20 euros por cada libro tomado en pr\u00e9stamo. Abonar a la SGAE, &hellip; <a href=\"https:\/\/lavigilanta.info\/?p=389\" class=\"more-link\">Seguir leyendo <span class=\"screen-reader-text\">23 de abril: Negro d\u00eda del libro<\/span> <span class=\"meta-nav\">&rarr;<\/span><\/a><\/p>\n","protected":false},"author":2,"featured_media":0,"comment_status":"open","ping_status":"open","sticky":false,"template":"","format":"standard","meta":[],"categories":[1],"tags":[],"_links":{"self":[{"href":"https:\/\/lavigilanta.info\/index.php?rest_route=\/wp\/v2\/posts\/389"}],"collection":[{"href":"https:\/\/lavigilanta.info\/index.php?rest_route=\/wp\/v2\/posts"}],"about":[{"href":"https:\/\/lavigilanta.info\/index.php?rest_route=\/wp\/v2\/types\/post"}],"author":[{"embeddable":true,"href":"https:\/\/lavigilanta.info\/index.php?rest_route=\/wp\/v2\/users\/2"}],"replies":[{"embeddable":true,"href":"https:\/\/lavigilanta.info\/index.php?rest_route=%2Fwp%2Fv2%2Fcomments&post=389"}],"version-history":[{"count":0,"href":"https:\/\/lavigilanta.info\/index.php?rest_route=\/wp\/v2\/posts\/389\/revisions"}],"wp:attachment":[{"href":"https:\/\/lavigilanta.info\/index.php?rest_route=%2Fwp%2Fv2%2Fmedia&parent=389"}],"wp:term":[{"taxonomy":"category","embeddable":true,"href":"https:\/\/lavigilanta.info\/index.php?rest_route=%2Fwp%2Fv2%2Fcategories&post=389"},{"taxonomy":"post_tag","embeddable":true,"href":"https:\/\/lavigilanta.info\/index.php?rest_route=%2Fwp%2Fv2%2Ftags&post=389"}],"curies":[{"name":"wp","href":"https:\/\/api.w.org\/{rel}","templated":true}]}}