{"id":388,"date":"2007-04-22T21:19:00","date_gmt":"2007-04-22T21:19:00","guid":{"rendered":"http:\/\/lavigilanta.info\/wordpress\/?p=388"},"modified":"2007-04-22T21:19:00","modified_gmt":"2007-04-22T21:19:00","slug":"la-relacion-entre-empresarios-y-politicos-puede-ser-peligrosa","status":"publish","type":"post","link":"https:\/\/lavigilanta.info\/?p=388","title":{"rendered":"La relaci\u00f3n entre empresarios y pol\u00edticos puede ser peligrosa"},"content":{"rendered":"<p>El viernes saltando de blog a blog me encontr\u00e9 con una noticia de octubre del 2006 que me ha llamado much\u00edsimo la atenci\u00f3n. En otro ejercicio de demagogia y palabrer\u00eda barata, a Rosa Garc\u00eda, presidenta de Microsoft Ib\u00e9rica, no se lo ocurri\u00f3 nada m\u00e1s que decir que&#8230;<\/p>\n<blockquote><p>\u00abla relaci\u00f3n entre pol\u00edticos e internautas puede ser peligrosa.\u00bb<\/p><\/blockquote>\n<p>Pens\u00e9 que quiz\u00e1s los internautas suframos de dengue y lo podamos contagiar a los pol\u00edticos, de ah\u00ed la peligrosidad del contacto, pero al leer la entrevista (nota en <a href=\"http:\/\/www.20minutos.es\/noticia\/161110\/l\/\">20 minutos<\/a>) vemos que esta maravillosa se\u00f1ora opina que los pol\u00edticos se pueden confundir y pensar que lo que digamos los internautas tiene relevancia, pero que no la tiene, porque somos un grupo muy determinado de personas con ideas muy intensas y que no necesariamente reflejamos el pensar, o compartimos intereses, con la ciudadan\u00eda, y que por eso podemos influir a los pol\u00edticos sin ser nosotros representantes de la ciudadan\u00eda.<\/p>\n<p>Hac\u00eda mucho tiempo que no escuchaba una sandez tan grande. Por la misma regla de tres, considero y proclamo a los cuatro vientos que <span style=\"font-weight:bold;\">\u00abla relaci\u00f3n entre empresarios y pol\u00edticos puede ser, y es, peligrosa\u00bb<\/span>, y no porque los empresarios sean un colectivo muy particular no necesariamente reflejo del sentir de la ciudadan\u00eda, sino porque a los empresarios, sobre todo si trabajan para multinacionales, les importa un carajo el inter\u00e9s de la ciudadan\u00eda; lo que quieren es engordar la cuenta de resultados de su empresa, y eso s\u00ed es una <span style=\"font-weight:bold;\">verdad de la buena<\/span>.<\/p>\n<p>Pero lo preocupante del asunto es que la se\u00f1ora esta no es tan idiota como parece. En realidad es muy lista. Est\u00e1 claro que al poder establecido no le interesa en absoluto que grupos de ciudadanos con un fuerte inter\u00e9s en un tema expresen su opini\u00f3n o conocimiento sobre el mismo. Como saben de qu\u00e9 hablan, no son manipulables. Al grueso de la ciudadan\u00eda, en cambio, se le puede manipular f\u00e1cilmente sobre un tema concreto, porque el 99% de ellos o no lo conoce, o no le interesa. Pon 4 anuncios en la tele con un mensaje machac\u00f3n, y les crear\u00e1s una opini\u00f3n, luego les enchufas un refer\u00e9ndum y encima se creen que \u00ablo han decidido ellos\u00bb. Incluso puedes hacerles creer que Vista hace que sus ordenadores funcionen mejor&#8230; \u00a1Wow! Eso s\u00ed tiene m\u00e9rito.<\/p>\n","protected":false},"excerpt":{"rendered":"<p>El viernes saltando de blog a blog me encontr\u00e9 con una noticia de octubre del 2006 que me ha llamado much\u00edsimo la atenci\u00f3n. En otro ejercicio de demagogia y palabrer\u00eda barata, a Rosa Garc\u00eda, presidenta de Microsoft Ib\u00e9rica, no se lo ocurri\u00f3 nada m\u00e1s que decir que&#8230; \u00abla relaci\u00f3n entre pol\u00edticos e internautas puede ser &hellip; <a href=\"https:\/\/lavigilanta.info\/?p=388\" class=\"more-link\">Seguir leyendo <span class=\"screen-reader-text\">La relaci\u00f3n entre empresarios y pol\u00edticos puede ser peligrosa<\/span> <span class=\"meta-nav\">&rarr;<\/span><\/a><\/p>\n","protected":false},"author":2,"featured_media":0,"comment_status":"open","ping_status":"open","sticky":false,"template":"","format":"standard","meta":[],"categories":[97],"tags":[],"_links":{"self":[{"href":"https:\/\/lavigilanta.info\/index.php?rest_route=\/wp\/v2\/posts\/388"}],"collection":[{"href":"https:\/\/lavigilanta.info\/index.php?rest_route=\/wp\/v2\/posts"}],"about":[{"href":"https:\/\/lavigilanta.info\/index.php?rest_route=\/wp\/v2\/types\/post"}],"author":[{"embeddable":true,"href":"https:\/\/lavigilanta.info\/index.php?rest_route=\/wp\/v2\/users\/2"}],"replies":[{"embeddable":true,"href":"https:\/\/lavigilanta.info\/index.php?rest_route=%2Fwp%2Fv2%2Fcomments&post=388"}],"version-history":[{"count":0,"href":"https:\/\/lavigilanta.info\/index.php?rest_route=\/wp\/v2\/posts\/388\/revisions"}],"wp:attachment":[{"href":"https:\/\/lavigilanta.info\/index.php?rest_route=%2Fwp%2Fv2%2Fmedia&parent=388"}],"wp:term":[{"taxonomy":"category","embeddable":true,"href":"https:\/\/lavigilanta.info\/index.php?rest_route=%2Fwp%2Fv2%2Fcategories&post=388"},{"taxonomy":"post_tag","embeddable":true,"href":"https:\/\/lavigilanta.info\/index.php?rest_route=%2Fwp%2Fv2%2Ftags&post=388"}],"curies":[{"name":"wp","href":"https:\/\/api.w.org\/{rel}","templated":true}]}}