{"id":385,"date":"2007-04-17T18:54:00","date_gmt":"2007-04-17T18:54:00","guid":{"rendered":"http:\/\/lavigilanta.info\/wordpress\/?p=385"},"modified":"2007-04-17T18:54:00","modified_gmt":"2007-04-17T18:54:00","slug":"el-control-a-los-datos-personales-en-poder-de-organismos-publicos-deberia-ser-siempre-por-una-razon-y-supervisado","status":"publish","type":"post","link":"https:\/\/lavigilanta.info\/?p=385","title":{"rendered":"El control a los datos personales en poder de organismos p\u00fablicos deber\u00eda ser siempre por una raz\u00f3n, y supervisado"},"content":{"rendered":"<p>Este domingo tuve la ocasi\u00f3n de escuchar la conversaci\u00f3n de cuatro amigas que, como yo, degustaban un t\u00e9 en la exquisita teter\u00eda \u00abT\u00e9 Quiero\u00bb del Eixample derecho de Barcelona. Por lo que dec\u00edan, eran funcionarias municipales, y el tema de la conversaci\u00f3n, muy interesante. Explicaban c\u00f3mo \u00abdesde la intranet\u00bb se divert\u00edan consultando las fechas de nacimiento de sus conocidos. La m\u00e1s experimentada, seg\u00fan sus comentarios, aseguraba que se pod\u00eda efectuar la b\u00fasqueda sin requerir el DNI, solamente con el nombre y apellidos, y tambi\u00e9n a\u00f1adi\u00f3 que cuando se la pilla su supervisora, \u00able cae una bronca\u00bb.<\/p>\n<p>Y eso que aqu\u00ed tenemos la exclusiva \u00abAgencia Catalana de Protecci\u00f3n de Datos\u00bb <a href=\"http:\/\/lavigilanta.blogspot.com\/2006\/04\/la-agencia-catalana-de-proteccin-de.html\">repartiendo folletos<\/a>&#8230;<\/p>\n<p><span style=\"font-weight:bold;\">Deber\u00edan repartir un par en la sede del Ayuntamiento<\/span>.<\/p>\n","protected":false},"excerpt":{"rendered":"<p>Este domingo tuve la ocasi\u00f3n de escuchar la conversaci\u00f3n de cuatro amigas que, como yo, degustaban un t\u00e9 en la exquisita teter\u00eda \u00abT\u00e9 Quiero\u00bb del Eixample derecho de Barcelona. Por lo que dec\u00edan, eran funcionarias municipales, y el tema de la conversaci\u00f3n, muy interesante. Explicaban c\u00f3mo \u00abdesde la intranet\u00bb se divert\u00edan consultando las fechas de &hellip; <a href=\"https:\/\/lavigilanta.info\/?p=385\" class=\"more-link\">Seguir leyendo <span class=\"screen-reader-text\">El control a los datos personales en poder de organismos p\u00fablicos deber\u00eda ser siempre por una raz\u00f3n, y supervisado<\/span> <span class=\"meta-nav\">&rarr;<\/span><\/a><\/p>\n","protected":false},"author":2,"featured_media":0,"comment_status":"open","ping_status":"open","sticky":false,"template":"","format":"standard","meta":[],"categories":[120],"tags":[],"_links":{"self":[{"href":"https:\/\/lavigilanta.info\/index.php?rest_route=\/wp\/v2\/posts\/385"}],"collection":[{"href":"https:\/\/lavigilanta.info\/index.php?rest_route=\/wp\/v2\/posts"}],"about":[{"href":"https:\/\/lavigilanta.info\/index.php?rest_route=\/wp\/v2\/types\/post"}],"author":[{"embeddable":true,"href":"https:\/\/lavigilanta.info\/index.php?rest_route=\/wp\/v2\/users\/2"}],"replies":[{"embeddable":true,"href":"https:\/\/lavigilanta.info\/index.php?rest_route=%2Fwp%2Fv2%2Fcomments&post=385"}],"version-history":[{"count":0,"href":"https:\/\/lavigilanta.info\/index.php?rest_route=\/wp\/v2\/posts\/385\/revisions"}],"wp:attachment":[{"href":"https:\/\/lavigilanta.info\/index.php?rest_route=%2Fwp%2Fv2%2Fmedia&parent=385"}],"wp:term":[{"taxonomy":"category","embeddable":true,"href":"https:\/\/lavigilanta.info\/index.php?rest_route=%2Fwp%2Fv2%2Fcategories&post=385"},{"taxonomy":"post_tag","embeddable":true,"href":"https:\/\/lavigilanta.info\/index.php?rest_route=%2Fwp%2Fv2%2Ftags&post=385"}],"curies":[{"name":"wp","href":"https:\/\/api.w.org\/{rel}","templated":true}]}}