{"id":355,"date":"2007-02-06T20:09:00","date_gmt":"2007-02-06T20:09:00","guid":{"rendered":"http:\/\/lavigilanta.info\/wordpress\/?p=355"},"modified":"2007-02-06T20:09:00","modified_gmt":"2007-02-06T20:09:00","slug":"avion-que-espia-a-pasajeros-ultima-idea-en-la-union-europea","status":"publish","type":"post","link":"https:\/\/lavigilanta.info\/?p=355","title":{"rendered":"Avi\u00f3n que esp\u00eda a pasajeros. Ultima idea en la Uni\u00f3n Europea"},"content":{"rendered":"<p>Pues como en el autob\u00fas, pero con reconocimiento facial y micr\u00f3fonos y reconocimiento del habla en todas las lenguas terrestres. A trav\u00e9s de <a href=\"http:\/\/meneame.net\/story\/avion-espia-pasajeros-ultima-idea-union-europea\">Men\u00e9ame<\/a> me encuentro con esta nota de <a href=\"http:\/\/www.mercado.com.ar\/mercado\/vercanal_nota.asp?id=350477\">Mercado Digital<\/a> en la cual se hacen eco de una iniciativa \u00abultrasecreta\u00bb de la Uni\u00f3n Europea para dotar a todos los aviones de un sistema de monitorizaci\u00f3n pormenorizada para todos y cada uno de los ocupantes del avi\u00f3n, con reconocimiento facial y grabaci\u00f3n del habla. Comentan que el proyecto inici\u00f3 en el a\u00f1o 2004 y que solamente el proyecto piloto ha costado 50 millones de d\u00f3lares.<\/p>\n<p>Apuntan que el padre de la criatura es la organizaci\u00f3n \u00abSeguridad a\u00e9rea en un futuro contexto europeo\u00bb (Safce).<\/p>\n<p>El <a href=\"http:\/\/www.google.es\/search?hl=es&#038;q=seguridad+aerea+en+un+futuro+contexto+europeo&#038;meta=\">se\u00f1or Google<\/a> no me puede dar ninguna informaci\u00f3n m\u00e1s al respecto. \u00bfRumor sin fundamento?<\/p>\n","protected":false},"excerpt":{"rendered":"<p>Pues como en el autob\u00fas, pero con reconocimiento facial y micr\u00f3fonos y reconocimiento del habla en todas las lenguas terrestres. A trav\u00e9s de Men\u00e9ame me encuentro con esta nota de Mercado Digital en la cual se hacen eco de una iniciativa \u00abultrasecreta\u00bb de la Uni\u00f3n Europea para dotar a todos los aviones de un sistema &hellip; <a href=\"https:\/\/lavigilanta.info\/?p=355\" class=\"more-link\">Seguir leyendo <span class=\"screen-reader-text\">Avi\u00f3n que esp\u00eda a pasajeros. Ultima idea en la Uni\u00f3n Europea<\/span> <span class=\"meta-nav\">&rarr;<\/span><\/a><\/p>\n","protected":false},"author":2,"featured_media":0,"comment_status":"open","ping_status":"open","sticky":false,"template":"","format":"standard","meta":[],"categories":[1],"tags":[],"_links":{"self":[{"href":"https:\/\/lavigilanta.info\/index.php?rest_route=\/wp\/v2\/posts\/355"}],"collection":[{"href":"https:\/\/lavigilanta.info\/index.php?rest_route=\/wp\/v2\/posts"}],"about":[{"href":"https:\/\/lavigilanta.info\/index.php?rest_route=\/wp\/v2\/types\/post"}],"author":[{"embeddable":true,"href":"https:\/\/lavigilanta.info\/index.php?rest_route=\/wp\/v2\/users\/2"}],"replies":[{"embeddable":true,"href":"https:\/\/lavigilanta.info\/index.php?rest_route=%2Fwp%2Fv2%2Fcomments&post=355"}],"version-history":[{"count":0,"href":"https:\/\/lavigilanta.info\/index.php?rest_route=\/wp\/v2\/posts\/355\/revisions"}],"wp:attachment":[{"href":"https:\/\/lavigilanta.info\/index.php?rest_route=%2Fwp%2Fv2%2Fmedia&parent=355"}],"wp:term":[{"taxonomy":"category","embeddable":true,"href":"https:\/\/lavigilanta.info\/index.php?rest_route=%2Fwp%2Fv2%2Fcategories&post=355"},{"taxonomy":"post_tag","embeddable":true,"href":"https:\/\/lavigilanta.info\/index.php?rest_route=%2Fwp%2Fv2%2Ftags&post=355"}],"curies":[{"name":"wp","href":"https:\/\/api.w.org\/{rel}","templated":true}]}}